{"id":4178,"date":"2025-03-28T00:00:39","date_gmt":"2025-03-27T23:00:39","guid":{"rendered":"http:\/\/soldatenschicksale.de\/?p=4178"},"modified":"2025-02-21T06:49:04","modified_gmt":"2025-02-21T05:49:04","slug":"soldatenschicksale-des-1-weltkrieges-teil-218-johann-burkhart","status":"publish","type":"post","link":"http:\/\/soldatenschicksale.de\/?p=4178","title":{"rendered":"Soldatenschicksale des 1. Weltkrieges Teil 218: Johann Burkhart"},"content":{"rendered":"<p>Der Soldat Johann Burkhart stammte aus der bayerischen Gemeinde <a href=\"https:\/\/de.wikipedia.org\/wiki\/Gauting\" target=\"_blank\" rel=\"noopener\">Gauting<\/a>. Im Ersten Weltkrieg k\u00e4mpfte er als Unteroffizier in der 5. Kompanie des 1. bayerischen Landwehr-Infanterie-Regiments. Am 06.02.1916 fiel er w\u00e4hrend der Vogesenk\u00e4mpfe n\u00f6rdlich der Stadt <a href=\"https:\/\/de.wikipedia.org\/wiki\/Munster_(Haut-Rhin)\" target=\"_blank\" rel=\"noopener\">M\u00fcnster<\/a> (franz\u00f6sisch: Munster, els\u00e4ssisch: Menschter). Er wurde am <a href=\"https:\/\/de.wikipedia.org\/wiki\/Collet_du_Linge\" target=\"_blank\" rel=\"noopener\">Lingekopf<\/a> get\u00f6tet.<\/p>\n<p>Man begrub Johann Burkhart auf dem Soldatenfriedhof <span data-sheets-root=\"1\"><a class=\"in-cell-link\" href=\"https:\/\/www.google.de\/maps\/place\/Ammerschwihr,+Frankreich\/@48.1167085,7.2318824,13z\/data=!3m1!4b1!4m5!3m4!1s0x479161162b7e2d4f:0x40a5fb99a3940d0!8m2!3d48.1256119!4d7.281956\" target=\"_blank\" rel=\"noopener\">Ammerschwihr<\/a><\/span> in Grab 46.<\/p>\n<figure id=\"attachment_3399\" aria-describedby=\"caption-attachment-3399\" style=\"width: 439px\" class=\"wp-caption aligncenter\"><img loading=\"lazy\" decoding=\"async\" class=\"size-full wp-image-3399\" src=\"http:\/\/soldatenschicksale.de\/wp-content\/uploads\/2025\/01\/Johann-Burkhart.jpg\" alt=\"\" width=\"439\" height=\"800\" srcset=\"http:\/\/soldatenschicksale.de\/wp-content\/uploads\/2025\/01\/Johann-Burkhart.jpg 439w, http:\/\/soldatenschicksale.de\/wp-content\/uploads\/2025\/01\/Johann-Burkhart-165x300.jpg 165w\" sizes=\"auto, (max-width: 439px) 85vw, 439px\" \/><figcaption id=\"caption-attachment-3399\" class=\"wp-caption-text\">Das Grab von Johann Burkhart auf dem Soldatenfriedhof Ammerschwihr<\/figcaption><\/figure>\n","protected":false},"excerpt":{"rendered":"<p>Der Soldat Johann Burkhart stammte aus der bayerischen Gemeinde Gauting. Im Ersten Weltkrieg k\u00e4mpfte er als Unteroffizier in der 5. Kompanie des 1. bayerischen Landwehr-Infanterie-Regiments. Am 06.02.1916 fiel er w\u00e4hrend der Vogesenk\u00e4mpfe n\u00f6rdlich der Stadt M\u00fcnster (franz\u00f6sisch: Munster, els\u00e4ssisch: Menschter). Er wurde am Lingekopf get\u00f6tet. Man begrub Johann Burkhart auf dem Soldatenfriedhof Ammerschwihr in Grab &hellip; <a href=\"http:\/\/soldatenschicksale.de\/?p=4178\" class=\"more-link\"><span class=\"screen-reader-text\">\u201eSoldatenschicksale des 1. Weltkrieges Teil 218: Johann Burkhart\u201c <\/span>weiterlesen<\/a><\/p>\n","protected":false},"author":2,"featured_media":0,"comment_status":"closed","ping_status":"open","sticky":false,"template":"","format":"standard","meta":{"footnotes":"","_wp_rev_ctl_limit":""},"categories":[1007,76,988,468,75],"tags":[1495,1479,21,1558,303,78,1680,990,1498,1526,1486,100,306,1496,239],"class_list":["post-4178","post","type-post","status-publish","format-standard","hentry","category-1-weltkrieg","category-frankreich","category-grand-est","category-vogesen-elsass","category-westfront","tag-1-bayerisches-landwehr-infanterie-regiment","tag-ammerschwihr","tag-bayern","tag-collet-du-linge","tag-elsass","tag-frankreich","tag-gauting","tag-grand-est","tag-lingekopf","tag-menschter","tag-muenster","tag-unteroffizier","tag-vogesen","tag-vogesenkaempfe","tag-westfront"],"_links":{"self":[{"href":"http:\/\/soldatenschicksale.de\/index.php?rest_route=\/wp\/v2\/posts\/4178","targetHints":{"allow":["GET"]}}],"collection":[{"href":"http:\/\/soldatenschicksale.de\/index.php?rest_route=\/wp\/v2\/posts"}],"about":[{"href":"http:\/\/soldatenschicksale.de\/index.php?rest_route=\/wp\/v2\/types\/post"}],"author":[{"embeddable":true,"href":"http:\/\/soldatenschicksale.de\/index.php?rest_route=\/wp\/v2\/users\/2"}],"replies":[{"embeddable":true,"href":"http:\/\/soldatenschicksale.de\/index.php?rest_route=%2Fwp%2Fv2%2Fcomments&post=4178"}],"version-history":[{"count":3,"href":"http:\/\/soldatenschicksale.de\/index.php?rest_route=\/wp\/v2\/posts\/4178\/revisions"}],"predecessor-version":[{"id":4185,"href":"http:\/\/soldatenschicksale.de\/index.php?rest_route=\/wp\/v2\/posts\/4178\/revisions\/4185"}],"wp:attachment":[{"href":"http:\/\/soldatenschicksale.de\/index.php?rest_route=%2Fwp%2Fv2%2Fmedia&parent=4178"}],"wp:term":[{"taxonomy":"category","embeddable":true,"href":"http:\/\/soldatenschicksale.de\/index.php?rest_route=%2Fwp%2Fv2%2Fcategories&post=4178"},{"taxonomy":"post_tag","embeddable":true,"href":"http:\/\/soldatenschicksale.de\/index.php?rest_route=%2Fwp%2Fv2%2Ftags&post=4178"}],"curies":[{"name":"wp","href":"https:\/\/api.w.org\/{rel}","templated":true}]}}