{"id":4221,"date":"2025-03-30T00:00:33","date_gmt":"2025-03-29T23:00:33","guid":{"rendered":"http:\/\/soldatenschicksale.de\/?p=4221"},"modified":"2025-02-23T07:06:51","modified_gmt":"2025-02-23T06:06:51","slug":"soldatenschicksale-des-1-weltkrieges-teil-220-jakob-aiblinger","status":"publish","type":"post","link":"http:\/\/soldatenschicksale.de\/?p=4221","title":{"rendered":"Soldatenschicksale des 1. Weltkrieges Teil 220: Jakob Aiblinger"},"content":{"rendered":"<p>Der Soldat Jakob Aiblinger stammte aus der bayerischen Gemeinde <a href=\"https:\/\/de.wikipedia.org\/wiki\/Staudach-Egerndach\" target=\"_blank\" rel=\"noopener\">Egerndach<\/a>. Im Ersten Weltkrieg k\u00e4mpfte er als Wehrmann in der 10. Kompanie des 1. bayerischen Landwehr-Infanterie-Regiments. Am 25.01.1916 fiel er w\u00e4hrend der K\u00e4mpfe n\u00f6rdlich der Stadt M\u00fcnster (franz\u00f6sisch: Munster, els\u00e4ssisch: Menschter) am <a href=\"https:\/\/maps.app.goo.gl\/zbMpFz5muRYDJR3H9\" target=\"_blank\" rel=\"noopener\">Barrenkopf<\/a> \/ <a href=\"https:\/\/de.wikipedia.org\/wiki\/Collet_du_Linge\" target=\"_blank\" rel=\"noopener\">Lingekopf<\/a>. Er starb bei einer Sanit\u00e4ts-Kompanie bei <a href=\"https:\/\/de.wikipedia.org\/wiki\/Trois-%C3%89pis\" target=\"_blank\" rel=\"noopener\">Drei \u00c4hren<\/a> (franz\u00f6sischg: Trois-\u00c9pis).<\/p>\n<p>Man begrub Jakob Aiblinger auf dem Soldatenfriedhof <span data-sheets-root=\"1\"><a class=\"in-cell-link\" href=\"https:\/\/www.google.de\/maps\/place\/Ammerschwihr,+Frankreich\/@48.1167085,7.2318824,13z\/data=!3m1!4b1!4m5!3m4!1s0x479161162b7e2d4f:0x40a5fb99a3940d0!8m2!3d48.1256119!4d7.281956\" target=\"_blank\" rel=\"noopener\">Ammerschwihr<\/a><\/span> in <span data-sheets-root=\"1\">Grab 44.<\/span><\/p>\n<figure id=\"attachment_3400\" aria-describedby=\"caption-attachment-3400\" style=\"width: 500px\" class=\"wp-caption aligncenter\"><img loading=\"lazy\" decoding=\"async\" class=\"size-full wp-image-3400\" src=\"http:\/\/soldatenschicksale.de\/wp-content\/uploads\/2025\/01\/Jakob-Aiblinger.jpg\" alt=\"\" width=\"500\" height=\"800\" srcset=\"http:\/\/soldatenschicksale.de\/wp-content\/uploads\/2025\/01\/Jakob-Aiblinger.jpg 500w, http:\/\/soldatenschicksale.de\/wp-content\/uploads\/2025\/01\/Jakob-Aiblinger-188x300.jpg 188w\" sizes=\"auto, (max-width: 500px) 85vw, 500px\" \/><figcaption id=\"caption-attachment-3400\" class=\"wp-caption-text\">Das Grab von Jakob Aiblinger auf dem Soldatenfriedhof Ammerschwihr<\/figcaption><\/figure>\n","protected":false},"excerpt":{"rendered":"<p>Der Soldat Jakob Aiblinger stammte aus der bayerischen Gemeinde Egerndach. Im Ersten Weltkrieg k\u00e4mpfte er als Wehrmann in der 10. Kompanie des 1. bayerischen Landwehr-Infanterie-Regiments. Am 25.01.1916 fiel er w\u00e4hrend der K\u00e4mpfe n\u00f6rdlich der Stadt M\u00fcnster (franz\u00f6sisch: Munster, els\u00e4ssisch: Menschter) am Barrenkopf \/ Lingekopf. Er starb bei einer Sanit\u00e4ts-Kompanie bei Drei \u00c4hren (franz\u00f6sischg: Trois-\u00c9pis). Man &hellip; <a href=\"http:\/\/soldatenschicksale.de\/?p=4221\" class=\"more-link\"><span class=\"screen-reader-text\">\u201eSoldatenschicksale des 1. Weltkrieges Teil 220: Jakob Aiblinger\u201c <\/span>weiterlesen<\/a><\/p>\n","protected":false},"author":2,"featured_media":0,"comment_status":"closed","ping_status":"open","sticky":false,"template":"","format":"standard","meta":{"footnotes":"","_wp_rev_ctl_limit":""},"categories":[1007,76,988,468,75],"tags":[1495,1479,1663,21,1558,1480,1682,303,78,1566,1498,1526,1486,1481,306,1496,1259,239],"class_list":["post-4221","post","type-post","status-publish","format-standard","hentry","category-1-weltkrieg","category-frankreich","category-grand-est","category-vogesen-elsass","category-westfront","tag-1-bayerisches-landwehr-infanterie-regiment","tag-ammerschwihr","tag-barrenkopf","tag-bayern","tag-collet-du-linge","tag-drei-aehren","tag-egerndach","tag-elsass","tag-frankreich","tag-lazarett-drei-aehren","tag-lingekopf","tag-menschter","tag-muenster","tag-trois-epis","tag-vogesen","tag-vogesenkaempfe","tag-wehrmann","tag-westfront"],"_links":{"self":[{"href":"http:\/\/soldatenschicksale.de\/index.php?rest_route=\/wp\/v2\/posts\/4221","targetHints":{"allow":["GET"]}}],"collection":[{"href":"http:\/\/soldatenschicksale.de\/index.php?rest_route=\/wp\/v2\/posts"}],"about":[{"href":"http:\/\/soldatenschicksale.de\/index.php?rest_route=\/wp\/v2\/types\/post"}],"author":[{"embeddable":true,"href":"http:\/\/soldatenschicksale.de\/index.php?rest_route=\/wp\/v2\/users\/2"}],"replies":[{"embeddable":true,"href":"http:\/\/soldatenschicksale.de\/index.php?rest_route=%2Fwp%2Fv2%2Fcomments&post=4221"}],"version-history":[{"count":3,"href":"http:\/\/soldatenschicksale.de\/index.php?rest_route=\/wp\/v2\/posts\/4221\/revisions"}],"predecessor-version":[{"id":4228,"href":"http:\/\/soldatenschicksale.de\/index.php?rest_route=\/wp\/v2\/posts\/4221\/revisions\/4228"}],"wp:attachment":[{"href":"http:\/\/soldatenschicksale.de\/index.php?rest_route=%2Fwp%2Fv2%2Fmedia&parent=4221"}],"wp:term":[{"taxonomy":"category","embeddable":true,"href":"http:\/\/soldatenschicksale.de\/index.php?rest_route=%2Fwp%2Fv2%2Fcategories&post=4221"},{"taxonomy":"post_tag","embeddable":true,"href":"http:\/\/soldatenschicksale.de\/index.php?rest_route=%2Fwp%2Fv2%2Ftags&post=4221"}],"curies":[{"name":"wp","href":"https:\/\/api.w.org\/{rel}","templated":true}]}}