{"id":4252,"date":"2025-03-31T00:00:05","date_gmt":"2025-03-30T22:00:05","guid":{"rendered":"http:\/\/soldatenschicksale.de\/?p=4252"},"modified":"2025-02-24T08:05:03","modified_gmt":"2025-02-24T07:05:03","slug":"soldatenschicksale-des-1-weltkrieges-teil-221-mathias-ploessl","status":"publish","type":"post","link":"http:\/\/soldatenschicksale.de\/?p=4252","title":{"rendered":"Soldatenschicksale des 1. Weltkrieges Teil 221: Mathias Pl\u00f6ssl"},"content":{"rendered":"<p>Der Soldat Mathias (Regimentsgeschichte: Mat<span style=\"color: #ff0000;\"><strong>t<\/strong><\/span>hias) Pl\u00f6ssl stammte aus <a href=\"https:\/\/de.wikipedia.org\/wiki\/Schwarzach\" target=\"_blank\" rel=\"noopener\">Schwarzach<\/a> (Oberpfalz) in Bayern. Im Ersten Weltkrieg k\u00e4mpfte er als Gefreiter in der 7. Kompanie des 1. bayerischen Landwehr-Infanterie-Regiments. Am 07.02.1916 fiel er w\u00e4hrend der K\u00e4mpfe in den Vogesen n\u00f6rdlich der Stadt M\u00fcnster (franz\u00f6sisch: Munster, els\u00e4ssisch: Menschter). Er wurde am <a href=\"https:\/\/de.wikipedia.org\/wiki\/Collet_du_Linge\" target=\"_blank\" rel=\"noopener\">Lingekopf<\/a> get\u00f6tet.<\/p>\n<p>Man begrub Mathias Pl\u00f6ssl auf dem Soldatenfriedhof <span data-sheets-root=\"1\"><a class=\"in-cell-link\" href=\"https:\/\/www.google.de\/maps\/place\/Ammerschwihr,+Frankreich\/@48.1167085,7.2318824,13z\/data=!3m1!4b1!4m5!3m4!1s0x479161162b7e2d4f:0x40a5fb99a3940d0!8m2!3d48.1256119!4d7.281956\" target=\"_blank\" rel=\"noopener\">Ammerschwihr<\/a><\/span> in <span data-sheets-root=\"1\">Grab 40.<\/span><\/p>\n<figure id=\"attachment_3403\" aria-describedby=\"caption-attachment-3403\" style=\"width: 445px\" class=\"wp-caption aligncenter\"><img loading=\"lazy\" decoding=\"async\" class=\"size-full wp-image-3403\" src=\"http:\/\/soldatenschicksale.de\/wp-content\/uploads\/2025\/01\/Mathias-Ploessl.jpg\" alt=\"\" width=\"445\" height=\"800\" srcset=\"http:\/\/soldatenschicksale.de\/wp-content\/uploads\/2025\/01\/Mathias-Ploessl.jpg 445w, http:\/\/soldatenschicksale.de\/wp-content\/uploads\/2025\/01\/Mathias-Ploessl-167x300.jpg 167w\" sizes=\"auto, (max-width: 445px) 85vw, 445px\" \/><figcaption id=\"caption-attachment-3403\" class=\"wp-caption-text\">Das Grab von Mathias Pl\u00f6ssl auf dem Soldatenfriedhof Ammerschwihr<\/figcaption><\/figure>\n","protected":false},"excerpt":{"rendered":"<p>Der Soldat Mathias (Regimentsgeschichte: Matthias) Pl\u00f6ssl stammte aus Schwarzach (Oberpfalz) in Bayern. Im Ersten Weltkrieg k\u00e4mpfte er als Gefreiter in der 7. Kompanie des 1. bayerischen Landwehr-Infanterie-Regiments. Am 07.02.1916 fiel er w\u00e4hrend der K\u00e4mpfe in den Vogesen n\u00f6rdlich der Stadt M\u00fcnster (franz\u00f6sisch: Munster, els\u00e4ssisch: Menschter). Er wurde am Lingekopf get\u00f6tet. Man begrub Mathias Pl\u00f6ssl auf &hellip; <a href=\"http:\/\/soldatenschicksale.de\/?p=4252\" class=\"more-link\"><span class=\"screen-reader-text\">\u201eSoldatenschicksale des 1. Weltkrieges Teil 221: Mathias Pl\u00f6ssl\u201c <\/span>weiterlesen<\/a><\/p>\n","protected":false},"author":2,"featured_media":0,"comment_status":"closed","ping_status":"open","sticky":false,"template":"","format":"standard","meta":{"footnotes":"","_wp_rev_ctl_limit":""},"categories":[1007,76,988,468,75],"tags":[1495,1479,1558,303,78,11,990,1498,1526,1486,994,1683,306],"class_list":["post-4252","post","type-post","status-publish","format-standard","hentry","category-1-weltkrieg","category-frankreich","category-grand-est","category-vogesen-elsass","category-westfront","tag-1-bayerisches-landwehr-infanterie-regiment","tag-ammerschwihr","tag-collet-du-linge","tag-elsass","tag-frankreich","tag-gefreiter","tag-grand-est","tag-lingekopf","tag-menschter","tag-muenster","tag-regimentsgeschichte","tag-schwarzach","tag-vogesen"],"_links":{"self":[{"href":"http:\/\/soldatenschicksale.de\/index.php?rest_route=\/wp\/v2\/posts\/4252","targetHints":{"allow":["GET"]}}],"collection":[{"href":"http:\/\/soldatenschicksale.de\/index.php?rest_route=\/wp\/v2\/posts"}],"about":[{"href":"http:\/\/soldatenschicksale.de\/index.php?rest_route=\/wp\/v2\/types\/post"}],"author":[{"embeddable":true,"href":"http:\/\/soldatenschicksale.de\/index.php?rest_route=\/wp\/v2\/users\/2"}],"replies":[{"embeddable":true,"href":"http:\/\/soldatenschicksale.de\/index.php?rest_route=%2Fwp%2Fv2%2Fcomments&post=4252"}],"version-history":[{"count":3,"href":"http:\/\/soldatenschicksale.de\/index.php?rest_route=\/wp\/v2\/posts\/4252\/revisions"}],"predecessor-version":[{"id":4258,"href":"http:\/\/soldatenschicksale.de\/index.php?rest_route=\/wp\/v2\/posts\/4252\/revisions\/4258"}],"wp:attachment":[{"href":"http:\/\/soldatenschicksale.de\/index.php?rest_route=%2Fwp%2Fv2%2Fmedia&parent=4252"}],"wp:term":[{"taxonomy":"category","embeddable":true,"href":"http:\/\/soldatenschicksale.de\/index.php?rest_route=%2Fwp%2Fv2%2Fcategories&post=4252"},{"taxonomy":"post_tag","embeddable":true,"href":"http:\/\/soldatenschicksale.de\/index.php?rest_route=%2Fwp%2Fv2%2Ftags&post=4252"}],"curies":[{"name":"wp","href":"https:\/\/api.w.org\/{rel}","templated":true}]}}