{"id":4259,"date":"2025-04-01T00:00:06","date_gmt":"2025-03-31T22:00:06","guid":{"rendered":"http:\/\/soldatenschicksale.de\/?p=4259"},"modified":"2025-02-24T08:32:08","modified_gmt":"2025-02-24T07:32:08","slug":"soldatenschicksale-des-1-weltkrieges-teil-222-josef-adler","status":"publish","type":"post","link":"http:\/\/soldatenschicksale.de\/?p=4259","title":{"rendered":"Soldatenschicksale des 1. Weltkrieges Teil 222: Josef Adler"},"content":{"rendered":"<p>Der Soldat Josef Adler stammte aus der bayerischen Landeshauptstadt <a href=\"https:\/\/de.wikipedia.org\/wiki\/M%C3%BCnchen\" target=\"_blank\" rel=\"noopener\">M\u00fcnchen<\/a>. Im Ersten Weltkrieg k\u00e4mpfte er als Landsturmmann in der 7. Kompanie des 1. bayerischen Landwehr-Infanterie-Regiments. Am 31.01.1916 fiel er w\u00e4hrend der Vogesenk\u00e4mpfe am <a href=\"https:\/\/de.wikipedia.org\/wiki\/Collet_du_Linge\" target=\"_blank\" rel=\"noopener\">Lingekopf<\/a> n\u00f6rdlich der Stadt <a href=\"https:\/\/de.wikipedia.org\/wiki\/Munster_(Haut-Rhin)\" target=\"_blank\" rel=\"noopener\">M\u00fcnster<\/a> (franz\u00f6sisch: Munster, els\u00e4ssisch: Menschter).<\/p>\n<p>Man begrub Josef Adler auf dem Soldatenfriedhof <span data-sheets-root=\"1\"><a class=\"in-cell-link\" href=\"https:\/\/www.google.de\/maps\/place\/Ammerschwihr,+Frankreich\/@48.1167085,7.2318824,13z\/data=!3m1!4b1!4m5!3m4!1s0x479161162b7e2d4f:0x40a5fb99a3940d0!8m2!3d48.1256119!4d7.281956\" target=\"_blank\" rel=\"noopener\">Ammerschwihr<\/a><\/span> in Grab 41.<\/p>\n<figure id=\"attachment_3402\" aria-describedby=\"caption-attachment-3402\" style=\"width: 419px\" class=\"wp-caption aligncenter\"><img loading=\"lazy\" decoding=\"async\" class=\"size-full wp-image-3402\" src=\"http:\/\/soldatenschicksale.de\/wp-content\/uploads\/2025\/01\/Josef-Adler.jpg\" alt=\"\" width=\"419\" height=\"800\" srcset=\"http:\/\/soldatenschicksale.de\/wp-content\/uploads\/2025\/01\/Josef-Adler.jpg 419w, http:\/\/soldatenschicksale.de\/wp-content\/uploads\/2025\/01\/Josef-Adler-157x300.jpg 157w\" sizes=\"auto, (max-width: 419px) 85vw, 419px\" \/><figcaption id=\"caption-attachment-3402\" class=\"wp-caption-text\">Das Grab von Josef Adler auf dem Soldatenfriedhof Ammerschwihr<\/figcaption><\/figure>\n","protected":false},"excerpt":{"rendered":"<p>Der Soldat Josef Adler stammte aus der bayerischen Landeshauptstadt M\u00fcnchen. Im Ersten Weltkrieg k\u00e4mpfte er als Landsturmmann in der 7. Kompanie des 1. bayerischen Landwehr-Infanterie-Regiments. Am 31.01.1916 fiel er w\u00e4hrend der Vogesenk\u00e4mpfe am Lingekopf n\u00f6rdlich der Stadt M\u00fcnster (franz\u00f6sisch: Munster, els\u00e4ssisch: Menschter). Man begrub Josef Adler auf dem Soldatenfriedhof Ammerschwihr in Grab 41.<\/p>\n","protected":false},"author":2,"featured_media":0,"comment_status":"closed","ping_status":"open","sticky":false,"template":"","format":"standard","meta":{"footnotes":"","_wp_rev_ctl_limit":""},"categories":[1007,76,988,468,75],"tags":[1495,1479,21,1558,303,78,990,1006,1094,1498,1526,227,1486,1487,1670,306,1496,239],"class_list":["post-4259","post","type-post","status-publish","format-standard","hentry","category-1-weltkrieg","category-frankreich","category-grand-est","category-vogesen-elsass","category-westfront","tag-1-bayerisches-landwehr-infanterie-regiment","tag-ammerschwihr","tag-bayern","tag-collet-du-linge","tag-elsass","tag-frankreich","tag-grand-est","tag-landeshauptstadt","tag-landsturmmann","tag-lingekopf","tag-menschter","tag-muenchen","tag-muenster","tag-schratzmaennele","tag-schratzmaennle","tag-vogesen","tag-vogesenkaempfe","tag-westfront"],"_links":{"self":[{"href":"http:\/\/soldatenschicksale.de\/index.php?rest_route=\/wp\/v2\/posts\/4259","targetHints":{"allow":["GET"]}}],"collection":[{"href":"http:\/\/soldatenschicksale.de\/index.php?rest_route=\/wp\/v2\/posts"}],"about":[{"href":"http:\/\/soldatenschicksale.de\/index.php?rest_route=\/wp\/v2\/types\/post"}],"author":[{"embeddable":true,"href":"http:\/\/soldatenschicksale.de\/index.php?rest_route=\/wp\/v2\/users\/2"}],"replies":[{"embeddable":true,"href":"http:\/\/soldatenschicksale.de\/index.php?rest_route=%2Fwp%2Fv2%2Fcomments&post=4259"}],"version-history":[{"count":3,"href":"http:\/\/soldatenschicksale.de\/index.php?rest_route=\/wp\/v2\/posts\/4259\/revisions"}],"predecessor-version":[{"id":4265,"href":"http:\/\/soldatenschicksale.de\/index.php?rest_route=\/wp\/v2\/posts\/4259\/revisions\/4265"}],"wp:attachment":[{"href":"http:\/\/soldatenschicksale.de\/index.php?rest_route=%2Fwp%2Fv2%2Fmedia&parent=4259"}],"wp:term":[{"taxonomy":"category","embeddable":true,"href":"http:\/\/soldatenschicksale.de\/index.php?rest_route=%2Fwp%2Fv2%2Fcategories&post=4259"},{"taxonomy":"post_tag","embeddable":true,"href":"http:\/\/soldatenschicksale.de\/index.php?rest_route=%2Fwp%2Fv2%2Ftags&post=4259"}],"curies":[{"name":"wp","href":"https:\/\/api.w.org\/{rel}","templated":true}]}}