{"id":426,"date":"2021-02-09T00:00:44","date_gmt":"2021-02-08T23:00:44","guid":{"rendered":"http:\/\/soldatenschicksale.de\/?p=426"},"modified":"2021-01-23T19:25:58","modified_gmt":"2021-01-23T18:25:58","slug":"soldatenschicksale-des-2-weltkrieges-teil-49-hans-huber","status":"publish","type":"post","link":"http:\/\/soldatenschicksale.de\/?p=426","title":{"rendered":"Soldatenschicksale des 2. Weltkrieges Teil 49: Hans Huber"},"content":{"rendered":"<p>Der Soldat Hans (Johann) Huber wurde am 15.01.1925 in D\u00fcsseldorf geboren. Im Zweiten Weltkrieg k\u00e4mpfte er als Gefreiter in einem Panzer-Grenadier-Regiment. Am 06.09.1944 fiel er im Alter von 19 Jahren bei <a href=\"https:\/\/de.wikipedia.org\/wiki\/M%C3%BClhausen\" target=\"_blank\" rel=\"noopener\">M\u00fchlhausen<\/a> im Elsass.<\/p>\n<p>Man begrub Hans Huber auf dem Soldatenfriedhof <a href=\"https:\/\/de.wikipedia.org\/wiki\/Bergheim_(Haut-Rhin)\" target=\"_blank\" rel=\"noopener\">Bergheim<\/a> in Block 3, Reihe 14, Grab 429.<\/p>\n<figure id=\"attachment_423\" aria-describedby=\"caption-attachment-423\" style=\"width: 469px\" class=\"wp-caption aligncenter\"><img loading=\"lazy\" decoding=\"async\" class=\"size-full wp-image-423\" src=\"http:\/\/soldatenschicksale.de\/wp-content\/uploads\/2021\/02\/Hans-Huber-vorne.jpg\" alt=\"\" width=\"469\" height=\"800\" srcset=\"http:\/\/soldatenschicksale.de\/wp-content\/uploads\/2021\/02\/Hans-Huber-vorne.jpg 469w, http:\/\/soldatenschicksale.de\/wp-content\/uploads\/2021\/02\/Hans-Huber-vorne-176x300.jpg 176w\" sizes=\"auto, (max-width: 469px) 85vw, 469px\" \/><figcaption id=\"caption-attachment-423\" class=\"wp-caption-text\">Sterbebild von Hans Huber<\/figcaption><\/figure>\n<figure id=\"attachment_422\" aria-describedby=\"caption-attachment-422\" style=\"width: 469px\" class=\"wp-caption aligncenter\"><img loading=\"lazy\" decoding=\"async\" class=\"size-full wp-image-422\" src=\"http:\/\/soldatenschicksale.de\/wp-content\/uploads\/2021\/02\/Hans-Huber-hinten.jpg\" alt=\"\" width=\"469\" height=\"800\" srcset=\"http:\/\/soldatenschicksale.de\/wp-content\/uploads\/2021\/02\/Hans-Huber-hinten.jpg 469w, http:\/\/soldatenschicksale.de\/wp-content\/uploads\/2021\/02\/Hans-Huber-hinten-176x300.jpg 176w\" sizes=\"auto, (max-width: 469px) 85vw, 469px\" \/><figcaption id=\"caption-attachment-422\" class=\"wp-caption-text\">R\u00fcckseite des Sterbebildes von Hans Huber<\/figcaption><\/figure>\n","protected":false},"excerpt":{"rendered":"<p>Der Soldat Hans (Johann) Huber wurde am 15.01.1925 in D\u00fcsseldorf geboren. Im Zweiten Weltkrieg k\u00e4mpfte er als Gefreiter in einem Panzer-Grenadier-Regiment. Am 06.09.1944 fiel er im Alter von 19 Jahren bei M\u00fchlhausen im Elsass. Man begrub Hans Huber auf dem Soldatenfriedhof Bergheim in Block 3, Reihe 14, Grab 429.<\/p>\n","protected":false},"author":2,"featured_media":0,"comment_status":"closed","ping_status":"open","sticky":false,"template":"","format":"standard","meta":{"footnotes":"","_wp_rev_ctl_limit":""},"categories":[76,75],"tags":[302,299,303,78,11,301,300],"class_list":["post-426","post","type-post","status-publish","format-standard","hentry","category-frankreich","category-westfront","tag-bergheim","tag-duesseldorf","tag-elsass","tag-frankreich","tag-gefreiter","tag-muehlhausen","tag-panzer-grenadier-regiment"],"_links":{"self":[{"href":"http:\/\/soldatenschicksale.de\/index.php?rest_route=\/wp\/v2\/posts\/426","targetHints":{"allow":["GET"]}}],"collection":[{"href":"http:\/\/soldatenschicksale.de\/index.php?rest_route=\/wp\/v2\/posts"}],"about":[{"href":"http:\/\/soldatenschicksale.de\/index.php?rest_route=\/wp\/v2\/types\/post"}],"author":[{"embeddable":true,"href":"http:\/\/soldatenschicksale.de\/index.php?rest_route=\/wp\/v2\/users\/2"}],"replies":[{"embeddable":true,"href":"http:\/\/soldatenschicksale.de\/index.php?rest_route=%2Fwp%2Fv2%2Fcomments&post=426"}],"version-history":[{"count":0,"href":"http:\/\/soldatenschicksale.de\/index.php?rest_route=\/wp\/v2\/posts\/426\/revisions"}],"wp:attachment":[{"href":"http:\/\/soldatenschicksale.de\/index.php?rest_route=%2Fwp%2Fv2%2Fmedia&parent=426"}],"wp:term":[{"taxonomy":"category","embeddable":true,"href":"http:\/\/soldatenschicksale.de\/index.php?rest_route=%2Fwp%2Fv2%2Fcategories&post=426"},{"taxonomy":"post_tag","embeddable":true,"href":"http:\/\/soldatenschicksale.de\/index.php?rest_route=%2Fwp%2Fv2%2Ftags&post=426"}],"curies":[{"name":"wp","href":"https:\/\/api.w.org\/{rel}","templated":true}]}}