{"id":4273,"date":"2025-04-03T00:00:31","date_gmt":"2025-04-02T22:00:31","guid":{"rendered":"http:\/\/soldatenschicksale.de\/?p=4273"},"modified":"2025-02-24T11:22:01","modified_gmt":"2025-02-24T10:22:01","slug":"soldatenschicksale-des-1-weltkrieges-teil-224-karl-wich","status":"publish","type":"post","link":"http:\/\/soldatenschicksale.de\/?p=4273","title":{"rendered":"Soldatenschicksale des 1. Weltkrieges Teil 224: Karl Wich"},"content":{"rendered":"<p>Der Soldat Karl Wich stammte aus <a href=\"https:\/\/de.wikipedia.org\/wiki\/Unterrodach\" target=\"_blank\" rel=\"noopener\">Unterrodach<\/a>, einem Ortsteil der bayerischen Gemeinde <a href=\"https:\/\/de.wikipedia.org\/wiki\/Marktrodach\" target=\"_blank\" rel=\"noopener\">Marktrodach<\/a>. Im Ersten Weltkrieg k\u00e4mpfte er als Unteroffizier in der 16. bayerischen Reserve-Pionier-Kompanie. Am 25.08.1915 verstarb er im Lazarett <a href=\"https:\/\/de.wikipedia.org\/wiki\/Trois-%C3%89pis\" target=\"_blank\" rel=\"noopener\">Drei \u00c4hren<\/a>, nachdem er zuvor n\u00f6rdlich der Stadt <a href=\"https:\/\/de.wikipedia.org\/wiki\/Munster_(Haut-Rhin)\" target=\"_blank\" rel=\"noopener\">M\u00fcnster<\/a> (franz\u00f6sisch: Munster, els\u00e4ssisch: Menschter) am <a href=\"https:\/\/de.wikipedia.org\/wiki\/Collet_du_Linge\" target=\"_blank\" rel=\"noopener\">Lingekopf<\/a> schwer verwundet worden war.<\/p>\n<p><span data-sheets-root=\"1\">Man begrub Karl Wich auf dem Soldatenfriedhof <a class=\"in-cell-link\" href=\"https:\/\/www.google.de\/maps\/place\/Ammerschwihr,+Frankreich\/@48.1167085,7.2318824,13z\/data=!3m1!4b1!4m5!3m4!1s0x479161162b7e2d4f:0x40a5fb99a3940d0!8m2!3d48.1256119!4d7.281956\" target=\"_blank\" rel=\"noopener\">Ammerschwihr<\/a><\/span> in <span data-sheets-root=\"1\">Grab 38.<\/span><\/p>\n<p>In Schwarzach gedenkt man Karl Wich noch heute auf einem Dernkmal: <a href=\"http:\/\/www.denkmalprojekt.org\/2013\/schwarzach_gem-mainleus_lk-kulmbach_wk1_wk2_bay.html\" target=\"_blank\" rel=\"noopener\">http:\/\/www.denkmalprojekt.org\/2013\/schwarzach_gem-mainleus_lk-kulmbach_wk1_wk2_bay.html<\/a><\/p>\n<figure id=\"attachment_3425\" aria-describedby=\"caption-attachment-3425\" style=\"width: 451px\" class=\"wp-caption aligncenter\"><img loading=\"lazy\" decoding=\"async\" class=\"size-full wp-image-3425\" src=\"http:\/\/soldatenschicksale.de\/wp-content\/uploads\/2025\/01\/Karl-Wich.jpg\" alt=\"\" width=\"451\" height=\"800\" srcset=\"http:\/\/soldatenschicksale.de\/wp-content\/uploads\/2025\/01\/Karl-Wich.jpg 451w, http:\/\/soldatenschicksale.de\/wp-content\/uploads\/2025\/01\/Karl-Wich-169x300.jpg 169w\" sizes=\"auto, (max-width: 451px) 85vw, 451px\" \/><figcaption id=\"caption-attachment-3425\" class=\"wp-caption-text\">Das Grab von Karl Wich auf dem Soldatenfriedhof Ammerschwihr<\/figcaption><\/figure>\n","protected":false},"excerpt":{"rendered":"<p>Der Soldat Karl Wich stammte aus Unterrodach, einem Ortsteil der bayerischen Gemeinde Marktrodach. Im Ersten Weltkrieg k\u00e4mpfte er als Unteroffizier in der 16. bayerischen Reserve-Pionier-Kompanie. Am 25.08.1915 verstarb er im Lazarett Drei \u00c4hren, nachdem er zuvor n\u00f6rdlich der Stadt M\u00fcnster (franz\u00f6sisch: Munster, els\u00e4ssisch: Menschter) am Lingekopf schwer verwundet worden war. Man begrub Karl Wich auf &hellip; <a href=\"http:\/\/soldatenschicksale.de\/?p=4273\" class=\"more-link\"><span class=\"screen-reader-text\">\u201eSoldatenschicksale des 1. Weltkrieges Teil 224: Karl Wich\u201c <\/span>weiterlesen<\/a><\/p>\n","protected":false},"author":2,"featured_media":0,"comment_status":"closed","ping_status":"open","sticky":false,"template":"","format":"standard","meta":{"footnotes":"","_wp_rev_ctl_limit":""},"categories":[1007,76,988,468],"tags":[1687,1479,21,1558,30,303,78,990,1566,1498,1686,1526,1486,1487,1670,1481,100,1685,306,239],"class_list":["post-4273","post","type-post","status-publish","format-standard","hentry","category-1-weltkrieg","category-frankreich","category-grand-est","category-vogesen-elsass","tag-16-bayerische-reserve-pionier-kompanie","tag-ammerschwihr","tag-bayern","tag-collet-du-linge","tag-denkmal","tag-elsass","tag-frankreich","tag-grand-est","tag-lazarett-drei-aehren","tag-lingekopf","tag-marktrodach","tag-menschter","tag-muenster","tag-schratzmaennele","tag-schratzmaennle","tag-trois-epis","tag-unteroffizier","tag-unterrodach","tag-vogesen","tag-westfront"],"_links":{"self":[{"href":"http:\/\/soldatenschicksale.de\/index.php?rest_route=\/wp\/v2\/posts\/4273","targetHints":{"allow":["GET"]}}],"collection":[{"href":"http:\/\/soldatenschicksale.de\/index.php?rest_route=\/wp\/v2\/posts"}],"about":[{"href":"http:\/\/soldatenschicksale.de\/index.php?rest_route=\/wp\/v2\/types\/post"}],"author":[{"embeddable":true,"href":"http:\/\/soldatenschicksale.de\/index.php?rest_route=\/wp\/v2\/users\/2"}],"replies":[{"embeddable":true,"href":"http:\/\/soldatenschicksale.de\/index.php?rest_route=%2Fwp%2Fv2%2Fcomments&post=4273"}],"version-history":[{"count":3,"href":"http:\/\/soldatenschicksale.de\/index.php?rest_route=\/wp\/v2\/posts\/4273\/revisions"}],"predecessor-version":[{"id":4280,"href":"http:\/\/soldatenschicksale.de\/index.php?rest_route=\/wp\/v2\/posts\/4273\/revisions\/4280"}],"wp:attachment":[{"href":"http:\/\/soldatenschicksale.de\/index.php?rest_route=%2Fwp%2Fv2%2Fmedia&parent=4273"}],"wp:term":[{"taxonomy":"category","embeddable":true,"href":"http:\/\/soldatenschicksale.de\/index.php?rest_route=%2Fwp%2Fv2%2Fcategories&post=4273"},{"taxonomy":"post_tag","embeddable":true,"href":"http:\/\/soldatenschicksale.de\/index.php?rest_route=%2Fwp%2Fv2%2Ftags&post=4273"}],"curies":[{"name":"wp","href":"https:\/\/api.w.org\/{rel}","templated":true}]}}