{"id":4281,"date":"2025-04-04T00:00:11","date_gmt":"2025-04-03T22:00:11","guid":{"rendered":"http:\/\/soldatenschicksale.de\/?p=4281"},"modified":"2025-02-24T12:06:01","modified_gmt":"2025-02-24T11:06:01","slug":"soldatenschicksale-des-1-weltkrieges-teil-225-michael-roessner","status":"publish","type":"post","link":"http:\/\/soldatenschicksale.de\/?p=4281","title":{"rendered":"Soldatenschicksale des 1. Weltkrieges Teil 225: Michael R\u00f6ssner"},"content":{"rendered":"<p>Der Soldat Michael R\u00f6ssner stammte aus <a href=\"https:\/\/de.wikipedia.org\/wiki\/Itzing\" target=\"_blank\" rel=\"noopener\">Itzing<\/a>, einem Ortsteil der bayerischen Stadt <a href=\"https:\/\/de.wikipedia.org\/wiki\/Monheim_(Schwaben)\" target=\"_blank\" rel=\"noopener\">Monheim<\/a>. Im Ersten Weltkrieg k\u00e4mpfte er als Ersatz-Reservist in der 7. Kompanie des 1. bayerischen Landwehr-Infanterie-Regiments. Am 01.02.1916 fiel er w\u00e4hrend der K\u00e4mpfe in den Vogesen n\u00f6rdlich der Stad <a href=\"https:\/\/de.wikipedia.org\/wiki\/Munster_(Haut-Rhin)\" target=\"_blank\" rel=\"noopener\">M\u00fcnster<\/a> (franz\u00f6sisch: Munster, els\u00e4ssisch: Menschter). Er wurde am <a href=\"https:\/\/de.wikipedia.org\/wiki\/Collet_du_Linge\" target=\"_blank\" rel=\"noopener\">Lingekopf<\/a> nahe des <a href=\"https:\/\/www.google.de\/maps\/place\/Schratzmaennele\/@48.0796899,7.1279823,15z\/data=!3m1!4b1!4m6!3m5!1s0x4793d8df98a74967:0xdf16ab4947a3184!8m2!3d48.0796909!4d7.138282!16s%2Fg%2F1tqf_809?entry=ttu&amp;g_ep=EgoyMDI1MDIxOS4xIKXMDSoASAFQAw%3D%3D\" target=\"_blank\" rel=\"noopener\">Schratzm\u00e4nnle<\/a> get\u00f6tet.<\/p>\n<p>Man begrub Michael R\u00f6ssner auf dem Soldatenfriedhof <span data-sheets-root=\"1\"><a class=\"in-cell-link\" href=\"https:\/\/www.google.de\/maps\/place\/Ammerschwihr,+Frankreich\/@48.1167085,7.2318824,13z\/data=!3m1!4b1!4m5!3m4!1s0x479161162b7e2d4f:0x40a5fb99a3940d0!8m2!3d48.1256119!4d7.281956\" target=\"_blank\" rel=\"noopener\">Ammerschwihr<\/a><\/span> in <span data-sheets-root=\"1\">Grab 39.<\/span><\/p>\n<figure id=\"attachment_3426\" aria-describedby=\"caption-attachment-3426\" style=\"width: 412px\" class=\"wp-caption aligncenter\"><img loading=\"lazy\" decoding=\"async\" class=\"size-full wp-image-3426\" src=\"http:\/\/soldatenschicksale.de\/wp-content\/uploads\/2025\/01\/Michael-Roessner.jpg\" alt=\"\" width=\"412\" height=\"800\" srcset=\"http:\/\/soldatenschicksale.de\/wp-content\/uploads\/2025\/01\/Michael-Roessner.jpg 412w, http:\/\/soldatenschicksale.de\/wp-content\/uploads\/2025\/01\/Michael-Roessner-155x300.jpg 155w\" sizes=\"auto, (max-width: 412px) 85vw, 412px\" \/><figcaption id=\"caption-attachment-3426\" class=\"wp-caption-text\">Das Grab von Michael R\u00f6ssner auf dem Soldatenfriedhof Ammerschwihr<\/figcaption><\/figure>\n","protected":false},"excerpt":{"rendered":"<p>Der Soldat Michael R\u00f6ssner stammte aus Itzing, einem Ortsteil der bayerischen Stadt Monheim. Im Ersten Weltkrieg k\u00e4mpfte er als Ersatz-Reservist in der 7. Kompanie des 1. bayerischen Landwehr-Infanterie-Regiments. Am 01.02.1916 fiel er w\u00e4hrend der K\u00e4mpfe in den Vogesen n\u00f6rdlich der Stad M\u00fcnster (franz\u00f6sisch: Munster, els\u00e4ssisch: Menschter). Er wurde am Lingekopf nahe des Schratzm\u00e4nnle get\u00f6tet. Man &hellip; <a href=\"http:\/\/soldatenschicksale.de\/?p=4281\" class=\"more-link\"><span class=\"screen-reader-text\">\u201eSoldatenschicksale des 1. Weltkrieges Teil 225: Michael R\u00f6ssner\u201c <\/span>weiterlesen<\/a><\/p>\n","protected":false},"author":2,"featured_media":0,"comment_status":"closed","ping_status":"open","sticky":false,"template":"","format":"standard","meta":{"footnotes":"","_wp_rev_ctl_limit":""},"categories":[1007,76,988,468,75],"tags":[1495,1479,21,1558,303,1326,78,990,1688,1498,1526,1689,1486,1487,1670,306,239],"class_list":["post-4281","post","type-post","status-publish","format-standard","hentry","category-1-weltkrieg","category-frankreich","category-grand-est","category-vogesen-elsass","category-westfront","tag-1-bayerisches-landwehr-infanterie-regiment","tag-ammerschwihr","tag-bayern","tag-collet-du-linge","tag-elsass","tag-ersatz-reservist","tag-frankreich","tag-grand-est","tag-itzing","tag-lingekopf","tag-menschter","tag-monheim","tag-muenster","tag-schratzmaennele","tag-schratzmaennle","tag-vogesen","tag-westfront"],"_links":{"self":[{"href":"http:\/\/soldatenschicksale.de\/index.php?rest_route=\/wp\/v2\/posts\/4281","targetHints":{"allow":["GET"]}}],"collection":[{"href":"http:\/\/soldatenschicksale.de\/index.php?rest_route=\/wp\/v2\/posts"}],"about":[{"href":"http:\/\/soldatenschicksale.de\/index.php?rest_route=\/wp\/v2\/types\/post"}],"author":[{"embeddable":true,"href":"http:\/\/soldatenschicksale.de\/index.php?rest_route=\/wp\/v2\/users\/2"}],"replies":[{"embeddable":true,"href":"http:\/\/soldatenschicksale.de\/index.php?rest_route=%2Fwp%2Fv2%2Fcomments&post=4281"}],"version-history":[{"count":3,"href":"http:\/\/soldatenschicksale.de\/index.php?rest_route=\/wp\/v2\/posts\/4281\/revisions"}],"predecessor-version":[{"id":4285,"href":"http:\/\/soldatenschicksale.de\/index.php?rest_route=\/wp\/v2\/posts\/4281\/revisions\/4285"}],"wp:attachment":[{"href":"http:\/\/soldatenschicksale.de\/index.php?rest_route=%2Fwp%2Fv2%2Fmedia&parent=4281"}],"wp:term":[{"taxonomy":"category","embeddable":true,"href":"http:\/\/soldatenschicksale.de\/index.php?rest_route=%2Fwp%2Fv2%2Fcategories&post=4281"},{"taxonomy":"post_tag","embeddable":true,"href":"http:\/\/soldatenschicksale.de\/index.php?rest_route=%2Fwp%2Fv2%2Ftags&post=4281"}],"curies":[{"name":"wp","href":"https:\/\/api.w.org\/{rel}","templated":true}]}}