{"id":4286,"date":"2025-04-05T00:00:14","date_gmt":"2025-04-04T22:00:14","guid":{"rendered":"http:\/\/soldatenschicksale.de\/?p=4286"},"modified":"2025-02-24T12:15:45","modified_gmt":"2025-02-24T11:15:45","slug":"soldatenschicksale-des-1-weltkrieges-teil-226-heinrich-greibke","status":"publish","type":"post","link":"http:\/\/soldatenschicksale.de\/?p=4286","title":{"rendered":"Soldatenschicksale des 1. Weltkrieges Teil 226: Heinrich Greibke"},"content":{"rendered":"<p>Der Soldat Heinrich Greibke stammte aus <a href=\"https:\/\/de.wikipedia.org\/wiki\/Karmitz_(K%C3%BCsten)\" target=\"_blank\" rel=\"noopener\">Karmitz<\/a>, einem Ortsteil der nieders\u00e4chsischen Gemeinde <a href=\"https:\/\/de.wikipedia.org\/wiki\/K%C3%BCsten\" target=\"_blank\" rel=\"noopener\">K\u00fcsten<\/a>. Im Ersten Weltkrieg k\u00e4mpfte er als Reservist in der 1. Kompanie des 78. Reserve-Infanterie-Regiments. Am 24.08.1915 fiel er w\u00e4hrend der K\u00e4mpfe in den Vogesen n\u00f6rdlich der Stadt <a href=\"https:\/\/de.wikipedia.org\/wiki\/Munster_(Haut-Rhin)\" target=\"_blank\" rel=\"noopener\">M\u00fcnster<\/a> (franz\u00f6sisch: Munster, els\u00e4ssisch: Menschter) am <a href=\"https:\/\/de.wikipedia.org\/wiki\/Collet_du_Linge\" target=\"_blank\" rel=\"noopener\">Lingekopf<\/a>.<\/p>\n<p>Man begrub Heinrich Greibke auf dem Soldatenfriedhof <span data-sheets-root=\"1\"><a class=\"in-cell-link\" href=\"https:\/\/www.google.de\/maps\/place\/Ammerschwihr,+Frankreich\/@48.1167085,7.2318824,13z\/data=!3m1!4b1!4m5!3m4!1s0x479161162b7e2d4f:0x40a5fb99a3940d0!8m2!3d48.1256119!4d7.281956\" target=\"_blank\" rel=\"noopener\">Ammerschwihr<\/a><\/span> in <span data-sheets-root=\"1\">Grab 36.<\/span><\/p>\n<figure id=\"attachment_3427\" aria-describedby=\"caption-attachment-3427\" style=\"width: 459px\" class=\"wp-caption aligncenter\"><img loading=\"lazy\" decoding=\"async\" class=\"size-full wp-image-3427\" src=\"http:\/\/soldatenschicksale.de\/wp-content\/uploads\/2025\/01\/Heinrich-Greibke.jpg\" alt=\"\" width=\"459\" height=\"800\" srcset=\"http:\/\/soldatenschicksale.de\/wp-content\/uploads\/2025\/01\/Heinrich-Greibke.jpg 459w, http:\/\/soldatenschicksale.de\/wp-content\/uploads\/2025\/01\/Heinrich-Greibke-172x300.jpg 172w\" sizes=\"auto, (max-width: 459px) 85vw, 459px\" \/><figcaption id=\"caption-attachment-3427\" class=\"wp-caption-text\">Das Grab von Heinrich Greibke auf dem Soldatenfriedhof Ammerschwihr<\/figcaption><\/figure>\n","protected":false},"excerpt":{"rendered":"<p>Der Soldat Heinrich Greibke stammte aus Karmitz, einem Ortsteil der nieders\u00e4chsischen Gemeinde K\u00fcsten. Im Ersten Weltkrieg k\u00e4mpfte er als Reservist in der 1. Kompanie des 78. Reserve-Infanterie-Regiments. Am 24.08.1915 fiel er w\u00e4hrend der K\u00e4mpfe in den Vogesen n\u00f6rdlich der Stadt M\u00fcnster (franz\u00f6sisch: Munster, els\u00e4ssisch: Menschter) am Lingekopf. Man begrub Heinrich Greibke auf dem Soldatenfriedhof Ammerschwihr &hellip; <a href=\"http:\/\/soldatenschicksale.de\/?p=4286\" class=\"more-link\"><span class=\"screen-reader-text\">\u201eSoldatenschicksale des 1. Weltkrieges Teil 226: Heinrich Greibke\u201c <\/span>weiterlesen<\/a><\/p>\n","protected":false},"author":2,"featured_media":0,"comment_status":"closed","ping_status":"open","sticky":false,"template":"","format":"standard","meta":{"footnotes":"","_wp_rev_ctl_limit":""},"categories":[1007],"tags":[1594,1479,1558,303,78,990,1690,1691,1498,1526,1486,139,1166,306,239],"class_list":["post-4286","post","type-post","status-publish","format-standard","hentry","category-1-weltkrieg","tag-78-reserve-infanterie-regiment","tag-ammerschwihr","tag-collet-du-linge","tag-elsass","tag-frankreich","tag-grand-est","tag-karmitz","tag-kuesten","tag-lingekopf","tag-menschter","tag-muenster","tag-niedersachsen","tag-reservist","tag-vogesen","tag-westfront"],"_links":{"self":[{"href":"http:\/\/soldatenschicksale.de\/index.php?rest_route=\/wp\/v2\/posts\/4286","targetHints":{"allow":["GET"]}}],"collection":[{"href":"http:\/\/soldatenschicksale.de\/index.php?rest_route=\/wp\/v2\/posts"}],"about":[{"href":"http:\/\/soldatenschicksale.de\/index.php?rest_route=\/wp\/v2\/types\/post"}],"author":[{"embeddable":true,"href":"http:\/\/soldatenschicksale.de\/index.php?rest_route=\/wp\/v2\/users\/2"}],"replies":[{"embeddable":true,"href":"http:\/\/soldatenschicksale.de\/index.php?rest_route=%2Fwp%2Fv2%2Fcomments&post=4286"}],"version-history":[{"count":3,"href":"http:\/\/soldatenschicksale.de\/index.php?rest_route=\/wp\/v2\/posts\/4286\/revisions"}],"predecessor-version":[{"id":4290,"href":"http:\/\/soldatenschicksale.de\/index.php?rest_route=\/wp\/v2\/posts\/4286\/revisions\/4290"}],"wp:attachment":[{"href":"http:\/\/soldatenschicksale.de\/index.php?rest_route=%2Fwp%2Fv2%2Fmedia&parent=4286"}],"wp:term":[{"taxonomy":"category","embeddable":true,"href":"http:\/\/soldatenschicksale.de\/index.php?rest_route=%2Fwp%2Fv2%2Fcategories&post=4286"},{"taxonomy":"post_tag","embeddable":true,"href":"http:\/\/soldatenschicksale.de\/index.php?rest_route=%2Fwp%2Fv2%2Ftags&post=4286"}],"curies":[{"name":"wp","href":"https:\/\/api.w.org\/{rel}","templated":true}]}}