{"id":4310,"date":"2025-04-09T00:00:24","date_gmt":"2025-04-08T22:00:24","guid":{"rendered":"http:\/\/soldatenschicksale.de\/?p=4310"},"modified":"2025-02-28T19:16:01","modified_gmt":"2025-02-28T18:16:01","slug":"soldatenschicksale-des-1-weltkrieges-teil-230-adolf-kellner","status":"publish","type":"post","link":"http:\/\/soldatenschicksale.de\/?p=4310","title":{"rendered":"Soldatenschicksale des 1. Weltkrieges Teil 230: Adolf Kellner"},"content":{"rendered":"<p>Der Soldat Adolf Kellner stammte aus der Stadt <a href=\"https:\/\/de.wikipedia.org\/wiki\/Rudolstadt\" target=\"_blank\" rel=\"noopener\">Rudolstadt<\/a> im heutigen Bundesland Th\u00fcringen. Im Ersten Weltkrieg k\u00e4mpfte er als Gefreiter und Kanonier in der 8. Batterie des 19. Reserve-Feldartillerie-Regiments. Am 25.08.1915 fiel er w\u00e4hrend der 2. Schlacht um M\u00fcnster in den Vogesen n\u00f6rdlich der Stadt <a href=\"https:\/\/de.wikipedia.org\/wiki\/Munster_(Haut-Rhin)\" target=\"_blank\" rel=\"noopener\">M\u00fcnster<\/a> (franz\u00f6sisch: Munster, els\u00e4ssisch: Menschter).<\/p>\n<p>\u00dcber den Zeitraum des Todes von Adolf Kellner berichtet die Regimentsgeschichte des 19. Reserve-Feldartillerie-Regiments:<\/p>\n<blockquote><p>&#8222;8\/19 fuhr am 4. August von Schlettstadt nach Bennweier und marschierte \u00fcber Drei \u00c4hren nach Zell-Place. Die Batterie \u00fcbernahm die Stellung und Ziele der 9\/19. Auch bei ihr kamen merkw\u00fcrdigerweise anfangs mehrere Rohrzerspringer vor. Die Gesch\u00fctze konnten aber durch den Waffenmeister wieder instandgesetzt werden.<\/p>\n<p>Bei den Angriffen der folgenden Zeit beschoss die Batterie mittels Steilfeuers die westlichen H\u00e4nge des Lingekopfes und Schratzm\u00e4nnle. Unter feindlichem Feuer hatte sie nur wenigzu leiden.<\/p>\n<p>Schlimmer erging es ihr, als sie am 24. August Stellungswechsel in die kritische Ecke am Breitenberg und Kuhberg machen musste. Erstere Stellung war in der N\u00e4he eines Zuges von 13 cm-Kanonen, die beim Feinde sehr unbeliebt waren und am 25. August schweres Feuer bekamen. 8\/19 erhielt dabei einen Volltreffer ins 4. Gesch\u00fctz, durch welchen 3 Mann sofort get\u00f6tet, 6 andere verwundet wurden, von denen zwei nachtr\u00e4glich noch starben. Der Kuhbergzug sollte von seiner neuen Stellung aus gegen Sulzern und Umgebung wirken. Beide Z\u00fcge wurden jedoch schon am 26. August, abends von der 7\/19 abgel\u00f6st.&#8220;<\/p><\/blockquote>\n<p>Man begrub Adolf Kellner auf dem Soldatenfriedhof <span data-sheets-root=\"1\"><a class=\"in-cell-link\" href=\"https:\/\/www.google.de\/maps\/place\/Ammerschwihr,+Frankreich\/@48.1167085,7.2318824,13z\/data=!3m1!4b1!4m5!3m4!1s0x479161162b7e2d4f:0x40a5fb99a3940d0!8m2!3d48.1256119!4d7.281956\" target=\"_blank\" rel=\"noopener\">Ammerschwihr<\/a> in Grab 35.<\/span><\/p>\n<figure id=\"attachment_3429\" aria-describedby=\"caption-attachment-3429\" style=\"width: 455px\" class=\"wp-caption aligncenter\"><img loading=\"lazy\" decoding=\"async\" class=\"size-full wp-image-3429\" src=\"http:\/\/soldatenschicksale.de\/wp-content\/uploads\/2025\/01\/Adolf-Kellner.jpg\" alt=\"\" width=\"455\" height=\"800\" srcset=\"http:\/\/soldatenschicksale.de\/wp-content\/uploads\/2025\/01\/Adolf-Kellner.jpg 455w, http:\/\/soldatenschicksale.de\/wp-content\/uploads\/2025\/01\/Adolf-Kellner-171x300.jpg 171w\" sizes=\"auto, (max-width: 455px) 85vw, 455px\" \/><figcaption id=\"caption-attachment-3429\" class=\"wp-caption-text\">Das Grab von Adolf Kellner auf dem Soldatenfriedhof Ammerschwihr<\/figcaption><\/figure>\n","protected":false},"excerpt":{"rendered":"<p>Der Soldat Adolf Kellner stammte aus der Stadt Rudolstadt im heutigen Bundesland Th\u00fcringen. Im Ersten Weltkrieg k\u00e4mpfte er als Gefreiter und Kanonier in der 8. Batterie des 19. Reserve-Feldartillerie-Regiments. Am 25.08.1915 fiel er w\u00e4hrend der 2. Schlacht um M\u00fcnster in den Vogesen n\u00f6rdlich der Stadt M\u00fcnster (franz\u00f6sisch: Munster, els\u00e4ssisch: Menschter). \u00dcber den Zeitraum des Todes &hellip; <a href=\"http:\/\/soldatenschicksale.de\/?p=4310\" class=\"more-link\"><span class=\"screen-reader-text\">\u201eSoldatenschicksale des 1. Weltkrieges Teil 230: Adolf Kellner\u201c <\/span>weiterlesen<\/a><\/p>\n","protected":false},"author":2,"featured_media":0,"comment_status":"closed","ping_status":"open","sticky":false,"template":"","format":"standard","meta":{"footnotes":"","_wp_rev_ctl_limit":""},"categories":[1007,76,988,468,75],"tags":[1696,1698,1479,303,78,11,990,747,1526,1486,994,1697,1195,306,239],"class_list":["post-4310","post","type-post","status-publish","format-standard","hentry","category-1-weltkrieg","category-frankreich","category-grand-est","category-vogesen-elsass","category-westfront","tag-19-reserve-feldartillerie-regiment","tag-2-schlacht-um-muenster","tag-ammerschwihr","tag-elsass","tag-frankreich","tag-gefreiter","tag-grand-est","tag-kanonier","tag-menschter","tag-muenster","tag-regimentsgeschichte","tag-rudolstadt","tag-thueringen","tag-vogesen","tag-westfront"],"_links":{"self":[{"href":"http:\/\/soldatenschicksale.de\/index.php?rest_route=\/wp\/v2\/posts\/4310","targetHints":{"allow":["GET"]}}],"collection":[{"href":"http:\/\/soldatenschicksale.de\/index.php?rest_route=\/wp\/v2\/posts"}],"about":[{"href":"http:\/\/soldatenschicksale.de\/index.php?rest_route=\/wp\/v2\/types\/post"}],"author":[{"embeddable":true,"href":"http:\/\/soldatenschicksale.de\/index.php?rest_route=\/wp\/v2\/users\/2"}],"replies":[{"embeddable":true,"href":"http:\/\/soldatenschicksale.de\/index.php?rest_route=%2Fwp%2Fv2%2Fcomments&post=4310"}],"version-history":[{"count":3,"href":"http:\/\/soldatenschicksale.de\/index.php?rest_route=\/wp\/v2\/posts\/4310\/revisions"}],"predecessor-version":[{"id":4316,"href":"http:\/\/soldatenschicksale.de\/index.php?rest_route=\/wp\/v2\/posts\/4310\/revisions\/4316"}],"wp:attachment":[{"href":"http:\/\/soldatenschicksale.de\/index.php?rest_route=%2Fwp%2Fv2%2Fmedia&parent=4310"}],"wp:term":[{"taxonomy":"category","embeddable":true,"href":"http:\/\/soldatenschicksale.de\/index.php?rest_route=%2Fwp%2Fv2%2Fcategories&post=4310"},{"taxonomy":"post_tag","embeddable":true,"href":"http:\/\/soldatenschicksale.de\/index.php?rest_route=%2Fwp%2Fv2%2Ftags&post=4310"}],"curies":[{"name":"wp","href":"https:\/\/api.w.org\/{rel}","templated":true}]}}