{"id":4330,"date":"2025-04-12T00:00:44","date_gmt":"2025-04-11T22:00:44","guid":{"rendered":"http:\/\/soldatenschicksale.de\/?p=4330"},"modified":"2025-03-01T21:03:26","modified_gmt":"2025-03-01T20:03:26","slug":"soldatenschicksale-des-1-weltkrieges-teil-233-franz-seubert","status":"publish","type":"post","link":"http:\/\/soldatenschicksale.de\/?p=4330","title":{"rendered":"Soldatenschicksale des 1. Weltkrieges Teil 233: Franz Seubert"},"content":{"rendered":"<p>Der Soldat Franz Seubert stammte aus der bayerischen Gemeinde <a href=\"https:\/\/de.wikipedia.org\/wiki\/Ering\" target=\"_blank\" rel=\"noopener\">Ering<\/a>. Im Ersten Weltkrieg k\u00e4mpfte er als Offizierstellvertreter bzw. Vizefeldwebel in der 306. Minenwerfer-Kompanie. Am 10.11.1915 fiel er w\u00e4hrend der Vogesenk\u00e4mpfe n\u00f6rdlich der Stadt <a href=\"https:\/\/de.wikipedia.org\/wiki\/Munster_(Haut-Rhin)\" target=\"_blank\" rel=\"noopener\">M\u00fcnster<\/a> (franz\u00f6sisch: Munster, els\u00e4ssisch: Menschter) nahe des <a href=\"https:\/\/de.wikipedia.org\/wiki\/Collet_du_Linge\" target=\"_blank\" rel=\"noopener\">Lingekopfes<\/a> und <a href=\"https:\/\/maps.app.goo.gl\/6Rx7ukqKg5PJ21wm6\" target=\"_blank\" rel=\"noopener\">Schratzm\u00e4nnle<\/a>.<\/p>\n<p>Man begrub Franz Seubert auf dem Soldatenfriedhof <span data-sheets-root=\"1\"><a class=\"in-cell-link\" href=\"https:\/\/www.google.de\/maps\/place\/Ammerschwihr,+Frankreich\/@48.1167085,7.2318824,13z\/data=!3m1!4b1!4m5!3m4!1s0x479161162b7e2d4f:0x40a5fb99a3940d0!8m2!3d48.1256119!4d7.281956\" target=\"_blank\" rel=\"noopener\">Ammerschwihr<\/a><\/span> in <span data-sheets-root=\"1\">Grab 31.<\/span><\/p>\n<figure id=\"attachment_3432\" aria-describedby=\"caption-attachment-3432\" style=\"width: 426px\" class=\"wp-caption aligncenter\"><img loading=\"lazy\" decoding=\"async\" class=\"size-full wp-image-3432\" src=\"http:\/\/soldatenschicksale.de\/wp-content\/uploads\/2025\/01\/Franz-Seubert.jpg\" alt=\"\" width=\"426\" height=\"800\" srcset=\"http:\/\/soldatenschicksale.de\/wp-content\/uploads\/2025\/01\/Franz-Seubert.jpg 426w, http:\/\/soldatenschicksale.de\/wp-content\/uploads\/2025\/01\/Franz-Seubert-160x300.jpg 160w\" sizes=\"auto, (max-width: 426px) 85vw, 426px\" \/><figcaption id=\"caption-attachment-3432\" class=\"wp-caption-text\">Das Grab von Franz Seubert auf dem Soldatenfriedhof Ammerschwihr<\/figcaption><\/figure>\n","protected":false},"excerpt":{"rendered":"<p>Der Soldat Franz Seubert stammte aus der bayerischen Gemeinde Ering. Im Ersten Weltkrieg k\u00e4mpfte er als Offizierstellvertreter bzw. Vizefeldwebel in der 306. Minenwerfer-Kompanie. Am 10.11.1915 fiel er w\u00e4hrend der Vogesenk\u00e4mpfe n\u00f6rdlich der Stadt M\u00fcnster (franz\u00f6sisch: Munster, els\u00e4ssisch: Menschter) nahe des Lingekopfes und Schratzm\u00e4nnle. Man begrub Franz Seubert auf dem Soldatenfriedhof Ammerschwihr in Grab 31.<\/p>\n","protected":false},"author":2,"featured_media":0,"comment_status":"closed","ping_status":"open","sticky":false,"template":"","format":"standard","meta":{"footnotes":"","_wp_rev_ctl_limit":""},"categories":[1007,76,988,468,75],"tags":[1703,1479,21,1558,303,1704,78,990,1498,1526,1486,1381,1487,1670,1047,306,239],"class_list":["post-4330","post","type-post","status-publish","format-standard","hentry","category-1-weltkrieg","category-frankreich","category-grand-est","category-vogesen-elsass","category-westfront","tag-306-minenwerfer-kompanie","tag-ammerschwihr","tag-bayern","tag-collet-du-linge","tag-elsass","tag-ering","tag-frankreich","tag-grand-est","tag-lingekopf","tag-menschter","tag-muenster","tag-offizierstellvertreter","tag-schratzmaennele","tag-schratzmaennle","tag-vizefeldwebel","tag-vogesen","tag-westfront"],"_links":{"self":[{"href":"http:\/\/soldatenschicksale.de\/index.php?rest_route=\/wp\/v2\/posts\/4330","targetHints":{"allow":["GET"]}}],"collection":[{"href":"http:\/\/soldatenschicksale.de\/index.php?rest_route=\/wp\/v2\/posts"}],"about":[{"href":"http:\/\/soldatenschicksale.de\/index.php?rest_route=\/wp\/v2\/types\/post"}],"author":[{"embeddable":true,"href":"http:\/\/soldatenschicksale.de\/index.php?rest_route=\/wp\/v2\/users\/2"}],"replies":[{"embeddable":true,"href":"http:\/\/soldatenschicksale.de\/index.php?rest_route=%2Fwp%2Fv2%2Fcomments&post=4330"}],"version-history":[{"count":3,"href":"http:\/\/soldatenschicksale.de\/index.php?rest_route=\/wp\/v2\/posts\/4330\/revisions"}],"predecessor-version":[{"id":4336,"href":"http:\/\/soldatenschicksale.de\/index.php?rest_route=\/wp\/v2\/posts\/4330\/revisions\/4336"}],"wp:attachment":[{"href":"http:\/\/soldatenschicksale.de\/index.php?rest_route=%2Fwp%2Fv2%2Fmedia&parent=4330"}],"wp:term":[{"taxonomy":"category","embeddable":true,"href":"http:\/\/soldatenschicksale.de\/index.php?rest_route=%2Fwp%2Fv2%2Fcategories&post=4330"},{"taxonomy":"post_tag","embeddable":true,"href":"http:\/\/soldatenschicksale.de\/index.php?rest_route=%2Fwp%2Fv2%2Ftags&post=4330"}],"curies":[{"name":"wp","href":"https:\/\/api.w.org\/{rel}","templated":true}]}}