{"id":4359,"date":"2025-04-16T00:00:59","date_gmt":"2025-04-15T22:00:59","guid":{"rendered":"http:\/\/soldatenschicksale.de\/?p=4359"},"modified":"2025-03-02T20:06:03","modified_gmt":"2025-03-02T19:06:03","slug":"soldatenschicksale-des-1-weltkrieges-teil-237-emil-weber","status":"publish","type":"post","link":"http:\/\/soldatenschicksale.de\/?p=4359","title":{"rendered":"Soldatenschicksale des 1. Weltkrieges Teil 237: Emil Weber"},"content":{"rendered":"<p>Der Soldat Emil Weber stammte aus der Stadt <a href=\"https:\/\/de.wikipedia.org\/wiki\/Herne\" target=\"_blank\" rel=\"noopener\">Herne<\/a> im heutigen Bundesland Nordrhein-Westfalen. Im Ersten Weltkrieg k\u00e4mpfte er als Unteroffizier in der 11. Kompanie des 187. Infanterie-Regiments. Am 24.10.1915 fiel er w\u00e4hrend der K\u00e4mpfe in den Vogesen n\u00f6rdlich der Stadt <a href=\"https:\/\/de.wikipedia.org\/wiki\/Munster_(Haut-Rhin)\" target=\"_blank\" rel=\"noopener\">M\u00fcnster<\/a> (franz\u00f6sisch: Munster, els\u00e4ssisch: Menschter) nahe des <a href=\"https:\/\/de.wikipedia.org\/wiki\/Collet_du_Linge\" target=\"_blank\" rel=\"noopener\">Lingekopfes<\/a> und <a href=\"https:\/\/maps.app.goo.gl\/6Rx7ukqKg5PJ21wm6\" target=\"_blank\" rel=\"noopener\">Schratzm\u00e4nnle<\/a>.<\/p>\n<p>Man begrub Emil Weber auf dem Soldatenfriedhof <span data-sheets-root=\"1\"><a class=\"in-cell-link\" href=\"https:\/\/www.google.de\/maps\/place\/Ammerschwihr,+Frankreich\/@48.1167085,7.2318824,13z\/data=!3m1!4b1!4m5!3m4!1s0x479161162b7e2d4f:0x40a5fb99a3940d0!8m2!3d48.1256119!4d7.281956\" target=\"_blank\" rel=\"noopener\">Ammerschwihr<\/a><\/span> in <span data-sheets-root=\"1\">Grab 25.<\/span><\/p>\n<figure id=\"attachment_3437\" aria-describedby=\"caption-attachment-3437\" style=\"width: 435px\" class=\"wp-caption aligncenter\"><img loading=\"lazy\" decoding=\"async\" class=\"size-full wp-image-3437\" src=\"http:\/\/soldatenschicksale.de\/wp-content\/uploads\/2025\/01\/Emil-Weber.jpg\" alt=\"\" width=\"435\" height=\"800\" srcset=\"http:\/\/soldatenschicksale.de\/wp-content\/uploads\/2025\/01\/Emil-Weber.jpg 435w, http:\/\/soldatenschicksale.de\/wp-content\/uploads\/2025\/01\/Emil-Weber-163x300.jpg 163w\" sizes=\"auto, (max-width: 435px) 85vw, 435px\" \/><figcaption id=\"caption-attachment-3437\" class=\"wp-caption-text\">Das Grab von Emil Weber auf dem Soldatenfriedhof Ammerschwihr<\/figcaption><\/figure>\n","protected":false},"excerpt":{"rendered":"<p>Der Soldat Emil Weber stammte aus der Stadt Herne im heutigen Bundesland Nordrhein-Westfalen. Im Ersten Weltkrieg k\u00e4mpfte er als Unteroffizier in der 11. Kompanie des 187. Infanterie-Regiments. Am 24.10.1915 fiel er w\u00e4hrend der K\u00e4mpfe in den Vogesen n\u00f6rdlich der Stadt M\u00fcnster (franz\u00f6sisch: Munster, els\u00e4ssisch: Menschter) nahe des Lingekopfes und Schratzm\u00e4nnle. Man begrub Emil Weber auf &hellip; <a href=\"http:\/\/soldatenschicksale.de\/?p=4359\" class=\"more-link\"><span class=\"screen-reader-text\">\u201eSoldatenschicksale des 1. Weltkrieges Teil 237: Emil Weber\u201c <\/span>weiterlesen<\/a><\/p>\n","protected":false},"author":2,"featured_media":0,"comment_status":"closed","ping_status":"open","sticky":false,"template":"","format":"standard","meta":{"footnotes":"","_wp_rev_ctl_limit":""},"categories":[1007,76,988,468,75],"tags":[1681,1479,1558,303,78,990,1710,1498,1526,1486,7,1487,1670,100,306,239],"class_list":["post-4359","post","type-post","status-publish","format-standard","hentry","category-1-weltkrieg","category-frankreich","category-grand-est","category-vogesen-elsass","category-westfront","tag-187-infanterie-regiment","tag-ammerschwihr","tag-collet-du-linge","tag-elsass","tag-frankreich","tag-grand-est","tag-herne","tag-lingekopf","tag-menschter","tag-muenster","tag-nordrhein-westfalen","tag-schratzmaennele","tag-schratzmaennle","tag-unteroffizier","tag-vogesen","tag-westfront"],"_links":{"self":[{"href":"http:\/\/soldatenschicksale.de\/index.php?rest_route=\/wp\/v2\/posts\/4359","targetHints":{"allow":["GET"]}}],"collection":[{"href":"http:\/\/soldatenschicksale.de\/index.php?rest_route=\/wp\/v2\/posts"}],"about":[{"href":"http:\/\/soldatenschicksale.de\/index.php?rest_route=\/wp\/v2\/types\/post"}],"author":[{"embeddable":true,"href":"http:\/\/soldatenschicksale.de\/index.php?rest_route=\/wp\/v2\/users\/2"}],"replies":[{"embeddable":true,"href":"http:\/\/soldatenschicksale.de\/index.php?rest_route=%2Fwp%2Fv2%2Fcomments&post=4359"}],"version-history":[{"count":3,"href":"http:\/\/soldatenschicksale.de\/index.php?rest_route=\/wp\/v2\/posts\/4359\/revisions"}],"predecessor-version":[{"id":4364,"href":"http:\/\/soldatenschicksale.de\/index.php?rest_route=\/wp\/v2\/posts\/4359\/revisions\/4364"}],"wp:attachment":[{"href":"http:\/\/soldatenschicksale.de\/index.php?rest_route=%2Fwp%2Fv2%2Fmedia&parent=4359"}],"wp:term":[{"taxonomy":"category","embeddable":true,"href":"http:\/\/soldatenschicksale.de\/index.php?rest_route=%2Fwp%2Fv2%2Fcategories&post=4359"},{"taxonomy":"post_tag","embeddable":true,"href":"http:\/\/soldatenschicksale.de\/index.php?rest_route=%2Fwp%2Fv2%2Ftags&post=4359"}],"curies":[{"name":"wp","href":"https:\/\/api.w.org\/{rel}","templated":true}]}}