{"id":4365,"date":"2025-04-17T00:00:07","date_gmt":"2025-04-16T22:00:07","guid":{"rendered":"http:\/\/soldatenschicksale.de\/?p=4365"},"modified":"2025-03-02T20:24:25","modified_gmt":"2025-03-02T19:24:25","slug":"soldatenschicksale-des-1-weltkrieges-teil-238-xaver-reiter","status":"publish","type":"post","link":"http:\/\/soldatenschicksale.de\/?p=4365","title":{"rendered":"Soldatenschicksale des 1. Weltkrieges Teil 238: Xaver Reiter"},"content":{"rendered":"<p>Der Soldat Xaver Reiter stammte aus <a href=\"https:\/\/de.wikipedia.org\/wiki\/Velden_(Vils)\" target=\"_blank\" rel=\"noopener\">Seidlthal<\/a>, einem Ortsteil der bayerischen Gemeinde <a href=\"https:\/\/de.wikipedia.org\/wiki\/Velden_(Vils)\" target=\"_blank\" rel=\"noopener\">Velden<\/a>. Im Ersten Weltkrieg k\u00e4mpfte er als Wehrmann in der 1. Kompanie des 2. bayerischen Landwehr-Infanterie-Regiments. Am 11.11.1915 fiel er n\u00f6rdlich der Stadt M\u00fcnster (franz\u00f6sisch: Munster, els\u00e4ssisch: Menschter) am <a href=\"https:\/\/de.wikipedia.org\/wiki\/Collet_du_Linge\" target=\"_blank\" rel=\"noopener\">Lingekopf<\/a> und <a href=\"https:\/\/maps.app.goo.gl\/6Rx7ukqKg5PJ21wm6\" target=\"_blank\" rel=\"noopener\">Schratzm\u00e4nnle<\/a>.<\/p>\n<p>Man begrub Xaver Reiter auf dem Soldatenfriedhof <span data-sheets-root=\"1\"><a class=\"in-cell-link\" href=\"https:\/\/www.google.de\/maps\/place\/Ammerschwihr,+Frankreich\/@48.1167085,7.2318824,13z\/data=!3m1!4b1!4m5!3m4!1s0x479161162b7e2d4f:0x40a5fb99a3940d0!8m2!3d48.1256119!4d7.281956\" target=\"_blank\" rel=\"noopener\">Ammerschwihr<\/a><\/span> in <span data-sheets-root=\"1\">Grab 26.<\/span><\/p>\n<figure id=\"attachment_3439\" aria-describedby=\"caption-attachment-3439\" style=\"width: 399px\" class=\"wp-caption aligncenter\"><img loading=\"lazy\" decoding=\"async\" class=\"size-full wp-image-3439\" src=\"http:\/\/soldatenschicksale.de\/wp-content\/uploads\/2025\/01\/Xaver-Reiter.jpg\" alt=\"\" width=\"399\" height=\"800\" srcset=\"http:\/\/soldatenschicksale.de\/wp-content\/uploads\/2025\/01\/Xaver-Reiter.jpg 399w, http:\/\/soldatenschicksale.de\/wp-content\/uploads\/2025\/01\/Xaver-Reiter-150x300.jpg 150w\" sizes=\"auto, (max-width: 399px) 85vw, 399px\" \/><figcaption id=\"caption-attachment-3439\" class=\"wp-caption-text\">Das Grab von Xaver Reiter auf dem Soldatenfriedhof Ammerschwihr<\/figcaption><\/figure>\n","protected":false},"excerpt":{"rendered":"<p>Der Soldat Xaver Reiter stammte aus Seidlthal, einem Ortsteil der bayerischen Gemeinde Velden. Im Ersten Weltkrieg k\u00e4mpfte er als Wehrmann in der 1. Kompanie des 2. bayerischen Landwehr-Infanterie-Regiments. Am 11.11.1915 fiel er n\u00f6rdlich der Stadt M\u00fcnster (franz\u00f6sisch: Munster, els\u00e4ssisch: Menschter) am Lingekopf und Schratzm\u00e4nnle. Man begrub Xaver Reiter auf dem Soldatenfriedhof Ammerschwihr in Grab 26.<\/p>\n","protected":false},"author":2,"featured_media":0,"comment_status":"closed","ping_status":"open","sticky":false,"template":"","format":"standard","meta":{"footnotes":"","_wp_rev_ctl_limit":""},"categories":[1007,76,988,468,75],"tags":[1506,1479,21,1558,303,78,1487,1670,1711,1712,306,1259,239],"class_list":["post-4365","post","type-post","status-publish","format-standard","hentry","category-1-weltkrieg","category-frankreich","category-grand-est","category-vogesen-elsass","category-westfront","tag-2-bayerisches-landwehr-infanterie-regiment","tag-ammerschwihr","tag-bayern","tag-collet-du-linge","tag-elsass","tag-frankreich","tag-schratzmaennele","tag-schratzmaennle","tag-seidlthal","tag-velden","tag-vogesen","tag-wehrmann","tag-westfront"],"_links":{"self":[{"href":"http:\/\/soldatenschicksale.de\/index.php?rest_route=\/wp\/v2\/posts\/4365","targetHints":{"allow":["GET"]}}],"collection":[{"href":"http:\/\/soldatenschicksale.de\/index.php?rest_route=\/wp\/v2\/posts"}],"about":[{"href":"http:\/\/soldatenschicksale.de\/index.php?rest_route=\/wp\/v2\/types\/post"}],"author":[{"embeddable":true,"href":"http:\/\/soldatenschicksale.de\/index.php?rest_route=\/wp\/v2\/users\/2"}],"replies":[{"embeddable":true,"href":"http:\/\/soldatenschicksale.de\/index.php?rest_route=%2Fwp%2Fv2%2Fcomments&post=4365"}],"version-history":[{"count":3,"href":"http:\/\/soldatenschicksale.de\/index.php?rest_route=\/wp\/v2\/posts\/4365\/revisions"}],"predecessor-version":[{"id":4370,"href":"http:\/\/soldatenschicksale.de\/index.php?rest_route=\/wp\/v2\/posts\/4365\/revisions\/4370"}],"wp:attachment":[{"href":"http:\/\/soldatenschicksale.de\/index.php?rest_route=%2Fwp%2Fv2%2Fmedia&parent=4365"}],"wp:term":[{"taxonomy":"category","embeddable":true,"href":"http:\/\/soldatenschicksale.de\/index.php?rest_route=%2Fwp%2Fv2%2Fcategories&post=4365"},{"taxonomy":"post_tag","embeddable":true,"href":"http:\/\/soldatenschicksale.de\/index.php?rest_route=%2Fwp%2Fv2%2Ftags&post=4365"}],"curies":[{"name":"wp","href":"https:\/\/api.w.org\/{rel}","templated":true}]}}