{"id":4377,"date":"2025-04-19T00:00:44","date_gmt":"2025-04-18T22:00:44","guid":{"rendered":"http:\/\/soldatenschicksale.de\/?p=4377"},"modified":"2025-03-02T20:58:14","modified_gmt":"2025-03-02T19:58:14","slug":"soldatenschicksale-des-1-weltkrieges-teil-240-richard-vehe","status":"publish","type":"post","link":"http:\/\/soldatenschicksale.de\/?p=4377","title":{"rendered":"Soldatenschicksale des 1. Weltkrieges Teil 240: Richard Vehe"},"content":{"rendered":"<p>Der Soldat Richard Vehe stammte aus <a href=\"https:\/\/de.wikipedia.org\/wiki\/Genthin\" target=\"_blank\" rel=\"noopener\">Genthin<\/a> im heutigen Bundesland Sachsen-Anhalt. Im Ersten Weltkrieg k\u00e4mpfte er als Ersatz-Reservist in der 6. Kompanie des 187. Reserve-Infanterie-Regiments. Am 15.10.1915 fiel er w\u00e4hrend der K\u00e4mpfe in der Vogesen n\u00f6rdlich der Stadt <a href=\"https:\/\/de.wikipedia.org\/wiki\/Munster_(Haut-Rhin)\" target=\"_blank\" rel=\"noopener\">M\u00fcnster<\/a> (franz\u00f6sisch: Munster, els\u00e4ssisch: Menschter) nahe des <a href=\"https:\/\/de.wikipedia.org\/wiki\/Collet_du_Linge\" target=\"_blank\" rel=\"noopener\">Lingekopfes<\/a> und <a href=\"https:\/\/maps.app.goo.gl\/6Rx7ukqKg5PJ21wm6\" target=\"_blank\" rel=\"noopener\">Schratzm\u00e4nnle<\/a>.<\/p>\n<p>Man begrub Richard Vehe auf dem Soldatenfriedhof <span data-sheets-root=\"1\"><a class=\"in-cell-link\" href=\"https:\/\/www.google.de\/maps\/place\/Ammerschwihr,+Frankreich\/@48.1167085,7.2318824,13z\/data=!3m1!4b1!4m5!3m4!1s0x479161162b7e2d4f:0x40a5fb99a3940d0!8m2!3d48.1256119!4d7.281956\" target=\"_blank\" rel=\"noopener\">Ammerschwihr<\/a><\/span> in <span data-sheets-root=\"1\">Grab 21.<\/span><\/p>\n<p>In Genthin gedenkt man Richard Vehe noch heute auf einem Denkmal: <a href=\"http:\/\/www.denkmalprojekt.org\/2014\/genthin-1.wk_lk_jerichower-land_sa.html\" target=\"_blank\" rel=\"noopener\">http:\/\/www.denkmalprojekt.org\/2014\/genthin-1.wk_lk_jerichower-land_sa.html<\/a><\/p>\n<figure id=\"attachment_3442\" aria-describedby=\"caption-attachment-3442\" style=\"width: 392px\" class=\"wp-caption aligncenter\"><img loading=\"lazy\" decoding=\"async\" class=\"size-full wp-image-3442\" src=\"http:\/\/soldatenschicksale.de\/wp-content\/uploads\/2025\/01\/Richard-Vehe.jpg\" alt=\"\" width=\"392\" height=\"800\" srcset=\"http:\/\/soldatenschicksale.de\/wp-content\/uploads\/2025\/01\/Richard-Vehe.jpg 392w, http:\/\/soldatenschicksale.de\/wp-content\/uploads\/2025\/01\/Richard-Vehe-147x300.jpg 147w\" sizes=\"auto, (max-width: 392px) 85vw, 392px\" \/><figcaption id=\"caption-attachment-3442\" class=\"wp-caption-text\">Das Grab von Richard Vehe auf dem Soldatenfriedhof Ammerschwihr<\/figcaption><\/figure>\n","protected":false},"excerpt":{"rendered":"<p>Der Soldat Richard Vehe stammte aus Genthin im heutigen Bundesland Sachsen-Anhalt. Im Ersten Weltkrieg k\u00e4mpfte er als Ersatz-Reservist in der 6. Kompanie des 187. Reserve-Infanterie-Regiments. Am 15.10.1915 fiel er w\u00e4hrend der K\u00e4mpfe in der Vogesen n\u00f6rdlich der Stadt M\u00fcnster (franz\u00f6sisch: Munster, els\u00e4ssisch: Menschter) nahe des Lingekopfes und Schratzm\u00e4nnle. Man begrub Richard Vehe auf dem Soldatenfriedhof &hellip; <a href=\"http:\/\/soldatenschicksale.de\/?p=4377\" class=\"more-link\"><span class=\"screen-reader-text\">\u201eSoldatenschicksale des 1. Weltkrieges Teil 240: Richard Vehe\u201c <\/span>weiterlesen<\/a><\/p>\n","protected":false},"author":2,"featured_media":0,"comment_status":"closed","ping_status":"open","sticky":false,"template":"","format":"standard","meta":{"footnotes":"","_wp_rev_ctl_limit":""},"categories":[1007,76,988,468,75],"tags":[1681,1714,1479,1558,30,303,78,1715,990,1498,1526,1486,1145,1487,1670,306,239],"class_list":["post-4377","post","type-post","status-publish","format-standard","hentry","category-1-weltkrieg","category-frankreich","category-grand-est","category-vogesen-elsass","category-westfront","tag-187-infanterie-regiment","tag-187-reserve-infanterie-regiment","tag-ammerschwihr","tag-collet-du-linge","tag-denkmal","tag-elsass","tag-frankreich","tag-genthin","tag-grand-est","tag-lingekopf","tag-menschter","tag-muenster","tag-sachsen-anhalt","tag-schratzmaennele","tag-schratzmaennle","tag-vogesen","tag-westfront"],"_links":{"self":[{"href":"http:\/\/soldatenschicksale.de\/index.php?rest_route=\/wp\/v2\/posts\/4377","targetHints":{"allow":["GET"]}}],"collection":[{"href":"http:\/\/soldatenschicksale.de\/index.php?rest_route=\/wp\/v2\/posts"}],"about":[{"href":"http:\/\/soldatenschicksale.de\/index.php?rest_route=\/wp\/v2\/types\/post"}],"author":[{"embeddable":true,"href":"http:\/\/soldatenschicksale.de\/index.php?rest_route=\/wp\/v2\/users\/2"}],"replies":[{"embeddable":true,"href":"http:\/\/soldatenschicksale.de\/index.php?rest_route=%2Fwp%2Fv2%2Fcomments&post=4377"}],"version-history":[{"count":3,"href":"http:\/\/soldatenschicksale.de\/index.php?rest_route=\/wp\/v2\/posts\/4377\/revisions"}],"predecessor-version":[{"id":4383,"href":"http:\/\/soldatenschicksale.de\/index.php?rest_route=\/wp\/v2\/posts\/4377\/revisions\/4383"}],"wp:attachment":[{"href":"http:\/\/soldatenschicksale.de\/index.php?rest_route=%2Fwp%2Fv2%2Fmedia&parent=4377"}],"wp:term":[{"taxonomy":"category","embeddable":true,"href":"http:\/\/soldatenschicksale.de\/index.php?rest_route=%2Fwp%2Fv2%2Fcategories&post=4377"},{"taxonomy":"post_tag","embeddable":true,"href":"http:\/\/soldatenschicksale.de\/index.php?rest_route=%2Fwp%2Fv2%2Ftags&post=4377"}],"curies":[{"name":"wp","href":"https:\/\/api.w.org\/{rel}","templated":true}]}}