{"id":4391,"date":"2025-04-21T00:00:27","date_gmt":"2025-04-20T22:00:27","guid":{"rendered":"http:\/\/soldatenschicksale.de\/?p=4391"},"modified":"2025-03-03T06:31:32","modified_gmt":"2025-03-03T05:31:32","slug":"soldatenschicksale-des-1-weltkrieges-teil-242-emil-krey","status":"publish","type":"post","link":"http:\/\/soldatenschicksale.de\/?p=4391","title":{"rendered":"Soldatenschicksale des 1. Weltkrieges Teil 242: Emil Krey"},"content":{"rendered":"<p>Der Soldat Emil Krey stammte aus dem <a href=\"https:\/\/de.wikipedia.org\/wiki\/Hamburg\" target=\"_blank\" rel=\"noopener\">Hamburger<\/a> Stadtteil <a href=\"https:\/\/de.wikipedia.org\/wiki\/Bezirk_Altona\" target=\"_blank\" rel=\"noopener\">Altona<\/a>. Im Ersten Weltkrieg k\u00e4mpfte er als Ersatz-Reservist in der 5. Kompanie des 187. Infanterie-Regiments. Am 14.10.1915 fiel er w\u00e4hrend der K\u00e4mpfe in den Vogesen n\u00f6rdlich der Stadt M\u00fcnster (franz\u00f6sisch: Munster, els\u00e4ssisch: Menschter) am Lingekopf und Schratzm\u00e4nnle.<\/p>\n<p>Man begrub Emil\u00a0 Krey auf dem Soldatenfriehof <span data-sheets-root=\"1\"><a class=\"in-cell-link\" href=\"https:\/\/www.google.de\/maps\/place\/Ammerschwihr,+Frankreich\/@48.1167085,7.2318824,13z\/data=!3m1!4b1!4m5!3m4!1s0x479161162b7e2d4f:0x40a5fb99a3940d0!8m2!3d48.1256119!4d7.281956\" target=\"_blank\" rel=\"noopener\">Ammerschwih<\/a> in Grab 23.<\/span><\/p>\n<figure id=\"attachment_3440\" aria-describedby=\"caption-attachment-3440\" style=\"width: 392px\" class=\"wp-caption aligncenter\"><img loading=\"lazy\" decoding=\"async\" class=\"size-full wp-image-3440\" src=\"http:\/\/soldatenschicksale.de\/wp-content\/uploads\/2025\/01\/Emil-Krey.jpg\" alt=\"\" width=\"392\" height=\"800\" srcset=\"http:\/\/soldatenschicksale.de\/wp-content\/uploads\/2025\/01\/Emil-Krey.jpg 392w, http:\/\/soldatenschicksale.de\/wp-content\/uploads\/2025\/01\/Emil-Krey-147x300.jpg 147w\" sizes=\"auto, (max-width: 392px) 85vw, 392px\" \/><figcaption id=\"caption-attachment-3440\" class=\"wp-caption-text\">Das Grab von Emil Kreyauf dem Soldatenfriedhof Ammerschwihr<\/figcaption><\/figure>\n","protected":false},"excerpt":{"rendered":"<p>Der Soldat Emil Krey stammte aus dem Hamburger Stadtteil Altona. Im Ersten Weltkrieg k\u00e4mpfte er als Ersatz-Reservist in der 5. Kompanie des 187. Infanterie-Regiments. Am 14.10.1915 fiel er w\u00e4hrend der K\u00e4mpfe in den Vogesen n\u00f6rdlich der Stadt M\u00fcnster (franz\u00f6sisch: Munster, els\u00e4ssisch: Menschter) am Lingekopf und Schratzm\u00e4nnle. Man begrub Emil\u00a0 Krey auf dem Soldatenfriehof Ammerschwih in &hellip; <a href=\"http:\/\/soldatenschicksale.de\/?p=4391\" class=\"more-link\"><span class=\"screen-reader-text\">\u201eSoldatenschicksale des 1. Weltkrieges Teil 242: Emil Krey\u201c <\/span>weiterlesen<\/a><\/p>\n","protected":false},"author":2,"featured_media":0,"comment_status":"closed","ping_status":"open","sticky":false,"template":"","format":"standard","meta":{"footnotes":"","_wp_rev_ctl_limit":""},"categories":[1007,76,988,468,75],"tags":[1714,1717,1479,1558,303,1326,78,990,1371,1370,1498,1526,1486,1487,1670,306,239],"class_list":["post-4391","post","type-post","status-publish","format-standard","hentry","category-1-weltkrieg","category-frankreich","category-grand-est","category-vogesen-elsass","category-westfront","tag-187-reserve-infanterie-regiment","tag-altona","tag-ammerschwihr","tag-collet-du-linge","tag-elsass","tag-ersatz-reservist","tag-frankreich","tag-grand-est","tag-hamburg","tag-hansestadt","tag-lingekopf","tag-menschter","tag-muenster","tag-schratzmaennele","tag-schratzmaennle","tag-vogesen","tag-westfront"],"_links":{"self":[{"href":"http:\/\/soldatenschicksale.de\/index.php?rest_route=\/wp\/v2\/posts\/4391","targetHints":{"allow":["GET"]}}],"collection":[{"href":"http:\/\/soldatenschicksale.de\/index.php?rest_route=\/wp\/v2\/posts"}],"about":[{"href":"http:\/\/soldatenschicksale.de\/index.php?rest_route=\/wp\/v2\/types\/post"}],"author":[{"embeddable":true,"href":"http:\/\/soldatenschicksale.de\/index.php?rest_route=\/wp\/v2\/users\/2"}],"replies":[{"embeddable":true,"href":"http:\/\/soldatenschicksale.de\/index.php?rest_route=%2Fwp%2Fv2%2Fcomments&post=4391"}],"version-history":[{"count":3,"href":"http:\/\/soldatenschicksale.de\/index.php?rest_route=\/wp\/v2\/posts\/4391\/revisions"}],"predecessor-version":[{"id":4398,"href":"http:\/\/soldatenschicksale.de\/index.php?rest_route=\/wp\/v2\/posts\/4391\/revisions\/4398"}],"wp:attachment":[{"href":"http:\/\/soldatenschicksale.de\/index.php?rest_route=%2Fwp%2Fv2%2Fmedia&parent=4391"}],"wp:term":[{"taxonomy":"category","embeddable":true,"href":"http:\/\/soldatenschicksale.de\/index.php?rest_route=%2Fwp%2Fv2%2Fcategories&post=4391"},{"taxonomy":"post_tag","embeddable":true,"href":"http:\/\/soldatenschicksale.de\/index.php?rest_route=%2Fwp%2Fv2%2Ftags&post=4391"}],"curies":[{"name":"wp","href":"https:\/\/api.w.org\/{rel}","templated":true}]}}