{"id":4404,"date":"2025-04-23T00:00:55","date_gmt":"2025-04-22T22:00:55","guid":{"rendered":"http:\/\/soldatenschicksale.de\/?p=4404"},"modified":"2025-03-03T07:09:56","modified_gmt":"2025-03-03T06:09:56","slug":"soldatenschicksale-des-2-weltkrieges-teil-244-erich-wille","status":"publish","type":"post","link":"http:\/\/soldatenschicksale.de\/?p=4404","title":{"rendered":"Soldatenschicksale des 2. Weltkrieges Teil 244: Erich Wille"},"content":{"rendered":"<p>Der Soldat Erich Wille wurde am 02.12.1913 geboren. Im Zweiten Weltkrieg k\u00e4mpfte er als Gefreiter in der deutschen Wehrmacht. Am 06.01.1945 fiel er im Alter von 31 Jahren in den Vogesen bei <a href=\"https:\/\/de.wikipedia.org\/wiki\/Munster_(Haut-Rhin)\" target=\"_blank\" rel=\"noopener\">M\u00fcnster<\/a> (franz\u00f6sisch: Munster, els\u00e4ssisch: Menschter).<\/p>\n<p>Man begrub Erich Wille auf dem Soldatenfriedhof <span data-sheets-root=\"1\"><a class=\"in-cell-link\" href=\"https:\/\/www.google.de\/maps\/place\/Ammerschwihr,+Frankreich\/@48.1167085,7.2318824,13z\/data=!3m1!4b1!4m5!3m4!1s0x479161162b7e2d4f:0x40a5fb99a3940d0!8m2!3d48.1256119!4d7.281956\" target=\"_blank\" rel=\"noopener\">Ammerschwihr<\/a><\/span> in <span data-sheets-root=\"1\">Grab 17.<\/span><\/p>\n<figure id=\"attachment_3445\" aria-describedby=\"caption-attachment-3445\" style=\"width: 383px\" class=\"wp-caption aligncenter\"><img loading=\"lazy\" decoding=\"async\" class=\"size-full wp-image-3445\" src=\"http:\/\/soldatenschicksale.de\/wp-content\/uploads\/2025\/01\/Erich-Wille.jpg\" alt=\"\" width=\"383\" height=\"800\" srcset=\"http:\/\/soldatenschicksale.de\/wp-content\/uploads\/2025\/01\/Erich-Wille.jpg 383w, http:\/\/soldatenschicksale.de\/wp-content\/uploads\/2025\/01\/Erich-Wille-144x300.jpg 144w\" sizes=\"auto, (max-width: 383px) 85vw, 383px\" \/><figcaption id=\"caption-attachment-3445\" class=\"wp-caption-text\">Das Grab von Erich Wille auf dem Soldatenfriedhof Ammerschwihr<\/figcaption><\/figure>\n","protected":false},"excerpt":{"rendered":"<p>Der Soldat Erich Wille wurde am 02.12.1913 geboren. Im Zweiten Weltkrieg k\u00e4mpfte er als Gefreiter in der deutschen Wehrmacht. Am 06.01.1945 fiel er im Alter von 31 Jahren in den Vogesen bei M\u00fcnster (franz\u00f6sisch: Munster, els\u00e4ssisch: Menschter). Man begrub Erich Wille auf dem Soldatenfriedhof Ammerschwihr in Grab 17.<\/p>\n","protected":false},"author":2,"featured_media":0,"comment_status":"closed","ping_status":"open","sticky":false,"template":"","format":"standard","meta":{"footnotes":"","_wp_rev_ctl_limit":""},"categories":[1008,76,988,468,75],"tags":[1479,303,78,11,990,1526,1486,306,14,239,1091],"class_list":["post-4404","post","type-post","status-publish","format-standard","hentry","category-2-weltkrieg","category-frankreich","category-grand-est","category-vogesen-elsass","category-westfront","tag-ammerschwihr","tag-elsass","tag-frankreich","tag-gefreiter","tag-grand-est","tag-menschter","tag-muenster","tag-vogesen","tag-wehrmacht","tag-westfront","tag-zweiter-weltkrieg"],"_links":{"self":[{"href":"http:\/\/soldatenschicksale.de\/index.php?rest_route=\/wp\/v2\/posts\/4404","targetHints":{"allow":["GET"]}}],"collection":[{"href":"http:\/\/soldatenschicksale.de\/index.php?rest_route=\/wp\/v2\/posts"}],"about":[{"href":"http:\/\/soldatenschicksale.de\/index.php?rest_route=\/wp\/v2\/types\/post"}],"author":[{"embeddable":true,"href":"http:\/\/soldatenschicksale.de\/index.php?rest_route=\/wp\/v2\/users\/2"}],"replies":[{"embeddable":true,"href":"http:\/\/soldatenschicksale.de\/index.php?rest_route=%2Fwp%2Fv2%2Fcomments&post=4404"}],"version-history":[{"count":3,"href":"http:\/\/soldatenschicksale.de\/index.php?rest_route=\/wp\/v2\/posts\/4404\/revisions"}],"predecessor-version":[{"id":4408,"href":"http:\/\/soldatenschicksale.de\/index.php?rest_route=\/wp\/v2\/posts\/4404\/revisions\/4408"}],"wp:attachment":[{"href":"http:\/\/soldatenschicksale.de\/index.php?rest_route=%2Fwp%2Fv2%2Fmedia&parent=4404"}],"wp:term":[{"taxonomy":"category","embeddable":true,"href":"http:\/\/soldatenschicksale.de\/index.php?rest_route=%2Fwp%2Fv2%2Fcategories&post=4404"},{"taxonomy":"post_tag","embeddable":true,"href":"http:\/\/soldatenschicksale.de\/index.php?rest_route=%2Fwp%2Fv2%2Ftags&post=4404"}],"curies":[{"name":"wp","href":"https:\/\/api.w.org\/{rel}","templated":true}]}}