{"id":4410,"date":"2025-04-24T00:00:49","date_gmt":"2025-04-23T22:00:49","guid":{"rendered":"http:\/\/soldatenschicksale.de\/?p=4410"},"modified":"2025-03-03T09:48:16","modified_gmt":"2025-03-03T08:48:16","slug":"soldatenschicksale-des-2-weltkrieges-teil-244-anton-mueller","status":"publish","type":"post","link":"http:\/\/soldatenschicksale.de\/?p=4410","title":{"rendered":"Soldatenschicksale des 2. Weltkrieges Teil 245: Anton M\u00fcller"},"content":{"rendered":"<p>Der Soldat Anton M\u00fcller k\u00e4mpfte im Zweiten Weltkrieg als Obergefreiter in der deutschen Wehrmacht. Am 02.01.1945 fiel er in den Vogesen nahe der Stadt <a href=\"https:\/\/de.wikipedia.org\/wiki\/Munster_(Haut-Rhin)\" target=\"_blank\" rel=\"noopener\">M\u00fcnster<\/a> (franz\u00f6sisch: Munster, els\u00e4ssisch: Menschter).<\/p>\n<p>Man begrub Anton M\u00fcller auf dem Soldatenfriedhof <span data-sheets-root=\"1\"><a class=\"in-cell-link\" href=\"https:\/\/www.google.de\/maps\/place\/Ammerschwihr,+Frankreich\/@48.1167085,7.2318824,13z\/data=!3m1!4b1!4m5!3m4!1s0x479161162b7e2d4f:0x40a5fb99a3940d0!8m2!3d48.1256119!4d7.281956\" target=\"_blank\" rel=\"noopener\">Ammerschwihr<\/a><\/span> in <span data-sheets-root=\"1\">Grab 18.<\/span><\/p>\n<figure id=\"attachment_3444\" aria-describedby=\"caption-attachment-3444\" style=\"width: 396px\" class=\"wp-caption aligncenter\"><img loading=\"lazy\" decoding=\"async\" class=\"size-full wp-image-3444\" src=\"http:\/\/soldatenschicksale.de\/wp-content\/uploads\/2025\/01\/Anton-Mueller.jpg\" alt=\"\" width=\"396\" height=\"800\" srcset=\"http:\/\/soldatenschicksale.de\/wp-content\/uploads\/2025\/01\/Anton-Mueller.jpg 396w, http:\/\/soldatenschicksale.de\/wp-content\/uploads\/2025\/01\/Anton-Mueller-149x300.jpg 149w\" sizes=\"auto, (max-width: 396px) 85vw, 396px\" \/><figcaption id=\"caption-attachment-3444\" class=\"wp-caption-text\">Das Grab von Anton M\u00fcller auf dem Soldatenfriedhof Ammerschwihr<\/figcaption><\/figure>\n","protected":false},"excerpt":{"rendered":"<p>Der Soldat Anton M\u00fcller k\u00e4mpfte im Zweiten Weltkrieg als Obergefreiter in der deutschen Wehrmacht. Am 02.01.1945 fiel er in den Vogesen nahe der Stadt M\u00fcnster (franz\u00f6sisch: Munster, els\u00e4ssisch: Menschter). Man begrub Anton M\u00fcller auf dem Soldatenfriedhof Ammerschwihr in Grab 18.<\/p>\n","protected":false},"author":2,"featured_media":0,"comment_status":"closed","ping_status":"open","sticky":false,"template":"","format":"standard","meta":{"footnotes":"","_wp_rev_ctl_limit":""},"categories":[1008,76,988,468,75],"tags":[1479,303,78,990,1526,1486,25,306,239,1091],"class_list":["post-4410","post","type-post","status-publish","format-standard","hentry","category-2-weltkrieg","category-frankreich","category-grand-est","category-vogesen-elsass","category-westfront","tag-ammerschwihr","tag-elsass","tag-frankreich","tag-grand-est","tag-menschter","tag-muenster","tag-obergefreiter","tag-vogesen","tag-westfront","tag-zweiter-weltkrieg"],"_links":{"self":[{"href":"http:\/\/soldatenschicksale.de\/index.php?rest_route=\/wp\/v2\/posts\/4410","targetHints":{"allow":["GET"]}}],"collection":[{"href":"http:\/\/soldatenschicksale.de\/index.php?rest_route=\/wp\/v2\/posts"}],"about":[{"href":"http:\/\/soldatenschicksale.de\/index.php?rest_route=\/wp\/v2\/types\/post"}],"author":[{"embeddable":true,"href":"http:\/\/soldatenschicksale.de\/index.php?rest_route=\/wp\/v2\/users\/2"}],"replies":[{"embeddable":true,"href":"http:\/\/soldatenschicksale.de\/index.php?rest_route=%2Fwp%2Fv2%2Fcomments&post=4410"}],"version-history":[{"count":3,"href":"http:\/\/soldatenschicksale.de\/index.php?rest_route=\/wp\/v2\/posts\/4410\/revisions"}],"predecessor-version":[{"id":4429,"href":"http:\/\/soldatenschicksale.de\/index.php?rest_route=\/wp\/v2\/posts\/4410\/revisions\/4429"}],"wp:attachment":[{"href":"http:\/\/soldatenschicksale.de\/index.php?rest_route=%2Fwp%2Fv2%2Fmedia&parent=4410"}],"wp:term":[{"taxonomy":"category","embeddable":true,"href":"http:\/\/soldatenschicksale.de\/index.php?rest_route=%2Fwp%2Fv2%2Fcategories&post=4410"},{"taxonomy":"post_tag","embeddable":true,"href":"http:\/\/soldatenschicksale.de\/index.php?rest_route=%2Fwp%2Fv2%2Ftags&post=4410"}],"curies":[{"name":"wp","href":"https:\/\/api.w.org\/{rel}","templated":true}]}}