{"id":4415,"date":"2025-04-25T00:00:59","date_gmt":"2025-04-24T22:00:59","guid":{"rendered":"http:\/\/soldatenschicksale.de\/?p=4415"},"modified":"2025-03-03T09:48:21","modified_gmt":"2025-03-03T08:48:21","slug":"soldatenschicksale-des-2-weltkrieges-teil-245-georg-kronschnabel","status":"publish","type":"post","link":"http:\/\/soldatenschicksale.de\/?p=4415","title":{"rendered":"Soldatenschicksale des 2. Weltkrieges Teil 246: Georg Kronschnabel"},"content":{"rendered":"<p>Der Soldat Georg Kronschnabel wurde am 08.08.1923 in <a href=\"https:\/\/de.wikipedia.org\/wiki\/Rumeltshausen\" target=\"_blank\" rel=\"noopener\">Rummeltshausen<\/a> geboren, einem Ortsteil der bayerischen Gemeinde <a href=\"https:\/\/de.wikipedia.org\/wiki\/Schwabhausen_(Oberbayern)\" target=\"_blank\" rel=\"noopener\">Schwabhausen<\/a>. Im Zweiten Weltkrieg k\u00e4mpfte er als Gefreiter in der deutschen Wehrmacht. Am 01.01.1945 fiel er im Alter von 31 Jahren nahe der Stadt <a href=\"https:\/\/de.wikipedia.org\/wiki\/Munster_(Haut-Rhin)\" target=\"_blank\" rel=\"noopener\">M\u00fcnster<\/a> (franz\u00f6sisch: Munster, els\u00e4ssisch: Menschter).<\/p>\n<p>Man begrub Georg Kronschnabel auf dem Soldatenfriedhof <span data-sheets-root=\"1\"><a class=\"in-cell-link\" href=\"https:\/\/www.google.de\/maps\/place\/Ammerschwihr,+Frankreich\/@48.1167085,7.2318824,13z\/data=!3m1!4b1!4m5!3m4!1s0x479161162b7e2d4f:0x40a5fb99a3940d0!8m2!3d48.1256119!4d7.281956\" target=\"_blank\" rel=\"noopener\">Ammerschwihr<\/a><\/span> in <span data-sheets-root=\"1\">Grab 19.<\/span><\/p>\n<p>In seiner Heimatgemeinde Rummeltshausen gedenkt man Georg Kronschnabel noch heute auf einem Denkmal: <a href=\"http:\/\/www.denkmalprojekt.org\/2021\/rumeltshausen_lk-dachau_wk1_wk2_by.html\" target=\"_blank\" rel=\"noopener\">http:\/\/www.denkmalprojekt.org\/2021\/rumeltshausen_lk-dachau_wk1_wk2_by.html<\/a><\/p>\n<figure id=\"attachment_3446\" aria-describedby=\"caption-attachment-3446\" style=\"width: 385px\" class=\"wp-caption aligncenter\"><img loading=\"lazy\" decoding=\"async\" class=\"size-full wp-image-3446\" src=\"http:\/\/soldatenschicksale.de\/wp-content\/uploads\/2025\/01\/Georg-Kronschnabel.jpg\" alt=\"\" width=\"385\" height=\"800\" srcset=\"http:\/\/soldatenschicksale.de\/wp-content\/uploads\/2025\/01\/Georg-Kronschnabel.jpg 385w, http:\/\/soldatenschicksale.de\/wp-content\/uploads\/2025\/01\/Georg-Kronschnabel-144x300.jpg 144w\" sizes=\"auto, (max-width: 385px) 85vw, 385px\" \/><figcaption id=\"caption-attachment-3446\" class=\"wp-caption-text\">Das Grab von Georg Kronschnabel auf dem Soldatenfriedhof Ammerschwihr<\/figcaption><\/figure>\n","protected":false},"excerpt":{"rendered":"<p>Der Soldat Georg Kronschnabel wurde am 08.08.1923 in Rummeltshausen geboren, einem Ortsteil der bayerischen Gemeinde Schwabhausen. Im Zweiten Weltkrieg k\u00e4mpfte er als Gefreiter in der deutschen Wehrmacht. Am 01.01.1945 fiel er im Alter von 31 Jahren nahe der Stadt M\u00fcnster (franz\u00f6sisch: Munster, els\u00e4ssisch: Menschter). Man begrub Georg Kronschnabel auf dem Soldatenfriedhof Ammerschwihr in Grab 19. &hellip; <a href=\"http:\/\/soldatenschicksale.de\/?p=4415\" class=\"more-link\"><span class=\"screen-reader-text\">\u201eSoldatenschicksale des 2. Weltkrieges Teil 246: Georg Kronschnabel\u201c <\/span>weiterlesen<\/a><\/p>\n","protected":false},"author":2,"featured_media":0,"comment_status":"closed","ping_status":"open","sticky":false,"template":"","format":"standard","meta":{"footnotes":"","_wp_rev_ctl_limit":""},"categories":[1008,76,988,468,75],"tags":[1479,21,30,303,78,11,990,1526,1486,1718,1719,306,14,239,1091],"class_list":["post-4415","post","type-post","status-publish","format-standard","hentry","category-2-weltkrieg","category-frankreich","category-grand-est","category-vogesen-elsass","category-westfront","tag-ammerschwihr","tag-bayern","tag-denkmal","tag-elsass","tag-frankreich","tag-gefreiter","tag-grand-est","tag-menschter","tag-muenster","tag-rummeltshausen","tag-schwabhausen","tag-vogesen","tag-wehrmacht","tag-westfront","tag-zweiter-weltkrieg"],"_links":{"self":[{"href":"http:\/\/soldatenschicksale.de\/index.php?rest_route=\/wp\/v2\/posts\/4415","targetHints":{"allow":["GET"]}}],"collection":[{"href":"http:\/\/soldatenschicksale.de\/index.php?rest_route=\/wp\/v2\/posts"}],"about":[{"href":"http:\/\/soldatenschicksale.de\/index.php?rest_route=\/wp\/v2\/types\/post"}],"author":[{"embeddable":true,"href":"http:\/\/soldatenschicksale.de\/index.php?rest_route=\/wp\/v2\/users\/2"}],"replies":[{"embeddable":true,"href":"http:\/\/soldatenschicksale.de\/index.php?rest_route=%2Fwp%2Fv2%2Fcomments&post=4415"}],"version-history":[{"count":3,"href":"http:\/\/soldatenschicksale.de\/index.php?rest_route=\/wp\/v2\/posts\/4415\/revisions"}],"predecessor-version":[{"id":4430,"href":"http:\/\/soldatenschicksale.de\/index.php?rest_route=\/wp\/v2\/posts\/4415\/revisions\/4430"}],"wp:attachment":[{"href":"http:\/\/soldatenschicksale.de\/index.php?rest_route=%2Fwp%2Fv2%2Fmedia&parent=4415"}],"wp:term":[{"taxonomy":"category","embeddable":true,"href":"http:\/\/soldatenschicksale.de\/index.php?rest_route=%2Fwp%2Fv2%2Fcategories&post=4415"},{"taxonomy":"post_tag","embeddable":true,"href":"http:\/\/soldatenschicksale.de\/index.php?rest_route=%2Fwp%2Fv2%2Ftags&post=4415"}],"curies":[{"name":"wp","href":"https:\/\/api.w.org\/{rel}","templated":true}]}}