{"id":4432,"date":"2025-04-27T00:00:33","date_gmt":"2025-04-26T22:00:33","guid":{"rendered":"http:\/\/soldatenschicksale.de\/?p=4432"},"modified":"2025-03-03T12:25:43","modified_gmt":"2025-03-03T11:25:43","slug":"soldatenschicksale-des-2-weltkrieges-teil-248-oldenburg","status":"publish","type":"post","link":"http:\/\/soldatenschicksale.de\/?p=4432","title":{"rendered":"Soldatenschicksale des 2. Weltkrieges Teil 248: Oldenburg"},"content":{"rendered":"<p>Der Soldat Oldenburg wurde am 09.12.1913 geboren. Im Zweiten Weltkrieg k\u00e4mpfte er als Gefreiter in der deutschen Wehrmacht. Am 08.01.1945 fiel er im Alter von 31 Jahren w\u00e4hrend der K\u00e4mpfe in den Vogesen bei <a href=\"https:\/\/de.wikipedia.org\/wiki\/Trois-%C3%89pis\" target=\"_blank\" rel=\"noopener\">Drei \u00c4hren<\/a> und der Stadt <a href=\"https:\/\/de.wikipedia.org\/wiki\/Munster_(Haut-Rhin)\" target=\"_blank\" rel=\"noopener\">M\u00fcnster<\/a> (franz\u00f6sisch: Munster, els\u00e4ssisch: Menschter).<\/p>\n<p>Man begrub den Gefreiten Oldenburg auf dem Soldatenfriedhof <span data-sheets-root=\"1\"><a class=\"in-cell-link\" href=\"https:\/\/www.google.de\/maps\/place\/Ammerschwihr,+Frankreich\/@48.1167085,7.2318824,13z\/data=!3m1!4b1!4m5!3m4!1s0x479161162b7e2d4f:0x40a5fb99a3940d0!8m2!3d48.1256119!4d7.281956\" target=\"_blank\" rel=\"noopener\">Ammerschwihr<\/a><\/span> in <span data-sheets-root=\"1\">Grab 15.<\/span><\/p>\n<figure id=\"attachment_3449\" aria-describedby=\"caption-attachment-3449\" style=\"width: 480px\" class=\"wp-caption aligncenter\"><img loading=\"lazy\" decoding=\"async\" class=\"size-full wp-image-3449\" src=\"http:\/\/soldatenschicksale.de\/wp-content\/uploads\/2025\/01\/Oldenburg.jpg\" alt=\"\" width=\"480\" height=\"800\" srcset=\"http:\/\/soldatenschicksale.de\/wp-content\/uploads\/2025\/01\/Oldenburg.jpg 480w, http:\/\/soldatenschicksale.de\/wp-content\/uploads\/2025\/01\/Oldenburg-180x300.jpg 180w\" sizes=\"auto, (max-width: 480px) 85vw, 480px\" \/><figcaption id=\"caption-attachment-3449\" class=\"wp-caption-text\">Das Grab des Gefreiten Oldenburg auf dem Soldatenfriedhof Ammerschwihr<\/figcaption><\/figure>\n","protected":false},"excerpt":{"rendered":"<p>Der Soldat Oldenburg wurde am 09.12.1913 geboren. Im Zweiten Weltkrieg k\u00e4mpfte er als Gefreiter in der deutschen Wehrmacht. Am 08.01.1945 fiel er im Alter von 31 Jahren w\u00e4hrend der K\u00e4mpfe in den Vogesen bei Drei \u00c4hren und der Stadt M\u00fcnster (franz\u00f6sisch: Munster, els\u00e4ssisch: Menschter). Man begrub den Gefreiten Oldenburg auf dem Soldatenfriedhof Ammerschwihr in Grab &hellip; <a href=\"http:\/\/soldatenschicksale.de\/?p=4432\" class=\"more-link\"><span class=\"screen-reader-text\">\u201eSoldatenschicksale des 2. Weltkrieges Teil 248: Oldenburg\u201c <\/span>weiterlesen<\/a><\/p>\n","protected":false},"author":2,"featured_media":0,"comment_status":"closed","ping_status":"open","sticky":false,"template":"","format":"standard","meta":{"footnotes":"","_wp_rev_ctl_limit":""},"categories":[1008,76,988,468,75],"tags":[1479,1480,303,78,11,990,1481,306,14,239,1091],"class_list":["post-4432","post","type-post","status-publish","format-standard","hentry","category-2-weltkrieg","category-frankreich","category-grand-est","category-vogesen-elsass","category-westfront","tag-ammerschwihr","tag-drei-aehren","tag-elsass","tag-frankreich","tag-gefreiter","tag-grand-est","tag-trois-epis","tag-vogesen","tag-wehrmacht","tag-westfront","tag-zweiter-weltkrieg"],"_links":{"self":[{"href":"http:\/\/soldatenschicksale.de\/index.php?rest_route=\/wp\/v2\/posts\/4432","targetHints":{"allow":["GET"]}}],"collection":[{"href":"http:\/\/soldatenschicksale.de\/index.php?rest_route=\/wp\/v2\/posts"}],"about":[{"href":"http:\/\/soldatenschicksale.de\/index.php?rest_route=\/wp\/v2\/types\/post"}],"author":[{"embeddable":true,"href":"http:\/\/soldatenschicksale.de\/index.php?rest_route=\/wp\/v2\/users\/2"}],"replies":[{"embeddable":true,"href":"http:\/\/soldatenschicksale.de\/index.php?rest_route=%2Fwp%2Fv2%2Fcomments&post=4432"}],"version-history":[{"count":3,"href":"http:\/\/soldatenschicksale.de\/index.php?rest_route=\/wp\/v2\/posts\/4432\/revisions"}],"predecessor-version":[{"id":4436,"href":"http:\/\/soldatenschicksale.de\/index.php?rest_route=\/wp\/v2\/posts\/4432\/revisions\/4436"}],"wp:attachment":[{"href":"http:\/\/soldatenschicksale.de\/index.php?rest_route=%2Fwp%2Fv2%2Fmedia&parent=4432"}],"wp:term":[{"taxonomy":"category","embeddable":true,"href":"http:\/\/soldatenschicksale.de\/index.php?rest_route=%2Fwp%2Fv2%2Fcategories&post=4432"},{"taxonomy":"post_tag","embeddable":true,"href":"http:\/\/soldatenschicksale.de\/index.php?rest_route=%2Fwp%2Fv2%2Ftags&post=4432"}],"curies":[{"name":"wp","href":"https:\/\/api.w.org\/{rel}","templated":true}]}}