{"id":4437,"date":"2025-04-28T00:00:00","date_gmt":"2025-04-27T22:00:00","guid":{"rendered":"http:\/\/soldatenschicksale.de\/?p=4437"},"modified":"2025-03-03T18:12:34","modified_gmt":"2025-03-03T17:12:34","slug":"soldatenschicksale-des-2-weltkrieges-teil-249-georg-schaeffler","status":"publish","type":"post","link":"http:\/\/soldatenschicksale.de\/?p=4437","title":{"rendered":"Soldatenschicksale des 1. Weltkrieges Teil 249: Georg Sch\u00e4ffler"},"content":{"rendered":"<p>Der Soldat Georg Sch\u00e4ffler stammte aus der bayerischen Gemeinde Weng. Im Ersten Weltkrieg k\u00e4mpfte er als Wehrmann in der 5. Kompanie des 1. bayerischen Landwehr-Infanterie-Regiments. Am 28.12.1915 starb er nach schwerer Verwundung w\u00e4hrend der K\u00e4mpfe in den Vogesen n\u00f6rdlich der Stadt M\u00fcnster (franz\u00f6sisch: Munster, els\u00e4ssisch: Menschter) nahe des Lingekopfes und Schratzm\u00e4nnle bei einer Sanit\u00e4tskompanie in <a href=\"https:\/\/de.wikipedia.org\/wiki\/Trois-%C3%89pis\" target=\"_blank\" rel=\"noopener\">Drei \u00c4hren<\/a>.<\/p>\n<p>Man begrub Georg Sch\u00e4ffler auf dem Soldatenfriedhof <span data-sheets-root=\"1\"><a class=\"in-cell-link\" href=\"https:\/\/www.google.de\/maps\/place\/Ammerschwihr,+Frankreich\/@48.1167085,7.2318824,13z\/data=!3m1!4b1!4m5!3m4!1s0x479161162b7e2d4f:0x40a5fb99a3940d0!8m2!3d48.1256119!4d7.281956\" target=\"_blank\" rel=\"noopener\">Ammerschwihr<\/a><\/span> in Grab 12.<\/p>\n<figure id=\"attachment_3450\" aria-describedby=\"caption-attachment-3450\" style=\"width: 449px\" class=\"wp-caption aligncenter\"><img loading=\"lazy\" decoding=\"async\" class=\"size-full wp-image-3450\" src=\"http:\/\/soldatenschicksale.de\/wp-content\/uploads\/2025\/01\/Georg-Schaeffler.jpg\" alt=\"\" width=\"449\" height=\"800\" srcset=\"http:\/\/soldatenschicksale.de\/wp-content\/uploads\/2025\/01\/Georg-Schaeffler.jpg 449w, http:\/\/soldatenschicksale.de\/wp-content\/uploads\/2025\/01\/Georg-Schaeffler-168x300.jpg 168w\" sizes=\"auto, (max-width: 449px) 85vw, 449px\" \/><figcaption id=\"caption-attachment-3450\" class=\"wp-caption-text\">Das Gab von Georg Sch\u00e4ffler auf dem Soldatenfriedhof Ammerschwihr<\/figcaption><\/figure>\n","protected":false},"excerpt":{"rendered":"<p>Der Soldat Georg Sch\u00e4ffler stammte aus der bayerischen Gemeinde Weng. Im Ersten Weltkrieg k\u00e4mpfte er als Wehrmann in der 5. Kompanie des 1. bayerischen Landwehr-Infanterie-Regiments. Am 28.12.1915 starb er nach schwerer Verwundung w\u00e4hrend der K\u00e4mpfe in den Vogesen n\u00f6rdlich der Stadt M\u00fcnster (franz\u00f6sisch: Munster, els\u00e4ssisch: Menschter) nahe des Lingekopfes und Schratzm\u00e4nnle bei einer Sanit\u00e4tskompanie in &hellip; <a href=\"http:\/\/soldatenschicksale.de\/?p=4437\" class=\"more-link\"><span class=\"screen-reader-text\">\u201eSoldatenschicksale des 1. Weltkrieges Teil 249: Georg Sch\u00e4ffler\u201c <\/span>weiterlesen<\/a><\/p>\n","protected":false},"author":2,"featured_media":0,"comment_status":"closed","ping_status":"open","sticky":false,"template":"","format":"standard","meta":{"footnotes":"","_wp_rev_ctl_limit":""},"categories":[1007,76,988,468,75],"tags":[1495,1479,1558,1480,303,78,990,1498,1526,1486,1721,1487,1670,355,1481,306,1259,1720],"class_list":["post-4437","post","type-post","status-publish","format-standard","hentry","category-1-weltkrieg","category-frankreich","category-grand-est","category-vogesen-elsass","category-westfront","tag-1-bayerisches-landwehr-infanterie-regiment","tag-ammerschwihr","tag-collet-du-linge","tag-drei-aehren","tag-elsass","tag-frankreich","tag-grand-est","tag-lingekopf","tag-menschter","tag-muenster","tag-sanitaetskompanie","tag-schratzmaennele","tag-schratzmaennle","tag-schwer-verwundet","tag-trois-epis","tag-vogesen","tag-wehrmann","tag-weng"],"_links":{"self":[{"href":"http:\/\/soldatenschicksale.de\/index.php?rest_route=\/wp\/v2\/posts\/4437","targetHints":{"allow":["GET"]}}],"collection":[{"href":"http:\/\/soldatenschicksale.de\/index.php?rest_route=\/wp\/v2\/posts"}],"about":[{"href":"http:\/\/soldatenschicksale.de\/index.php?rest_route=\/wp\/v2\/types\/post"}],"author":[{"embeddable":true,"href":"http:\/\/soldatenschicksale.de\/index.php?rest_route=\/wp\/v2\/users\/2"}],"replies":[{"embeddable":true,"href":"http:\/\/soldatenschicksale.de\/index.php?rest_route=%2Fwp%2Fv2%2Fcomments&post=4437"}],"version-history":[{"count":3,"href":"http:\/\/soldatenschicksale.de\/index.php?rest_route=\/wp\/v2\/posts\/4437\/revisions"}],"predecessor-version":[{"id":4441,"href":"http:\/\/soldatenschicksale.de\/index.php?rest_route=\/wp\/v2\/posts\/4437\/revisions\/4441"}],"wp:attachment":[{"href":"http:\/\/soldatenschicksale.de\/index.php?rest_route=%2Fwp%2Fv2%2Fmedia&parent=4437"}],"wp:term":[{"taxonomy":"category","embeddable":true,"href":"http:\/\/soldatenschicksale.de\/index.php?rest_route=%2Fwp%2Fv2%2Fcategories&post=4437"},{"taxonomy":"post_tag","embeddable":true,"href":"http:\/\/soldatenschicksale.de\/index.php?rest_route=%2Fwp%2Fv2%2Ftags&post=4437"}],"curies":[{"name":"wp","href":"https:\/\/api.w.org\/{rel}","templated":true}]}}