{"id":4442,"date":"2025-04-29T00:00:43","date_gmt":"2025-04-28T22:00:43","guid":{"rendered":"http:\/\/soldatenschicksale.de\/?p=4442"},"modified":"2025-03-03T19:08:20","modified_gmt":"2025-03-03T18:08:20","slug":"soldatenschicksale-des-1-weltkrieges-teil-250-josef-saenftl","status":"publish","type":"post","link":"http:\/\/soldatenschicksale.de\/?p=4442","title":{"rendered":"Soldatenschicksale des 1. Weltkrieges Teil 250: Josef S\u00e4nftl"},"content":{"rendered":"<p>Der Soldat Josef S\u00e4nftl stammte aus <a href=\"https:\/\/de.wikipedia.org\/wiki\/D%C3%BCrneibach\" target=\"_blank\" rel=\"noopener\">D\u00fcrneibach<\/a>, einem Ortsteil der bayerischen Stadt <a href=\"https:\/\/de.wikipedia.org\/wiki\/Dorfen\" target=\"_blank\" rel=\"noopener\">Dorfen<\/a>. Im Ersten Weltkrieg k\u00e4mpfte er als Wehrmann in der 5. Kompanie des 1. bayerischen Landwehr-Infanterie-Regiments. Am 02.09.1914 fiel er w\u00e4hrend der Vogesenk\u00e4mpfe nahe der Stadt <a href=\"https:\/\/de.wikipedia.org\/wiki\/Munster_(Haut-Rhin)\" target=\"_blank\" rel=\"noopener\">M\u00fcnster<\/a> (franz\u00f6sisch: Munster, els\u00e4ssisch: Menschter).<\/p>\n<p>\u00dcber den Todestag und die Todesumst\u00e4nde von Josepf S\u00e4nftl berichtet die Regimentsgeschichte des 1. bayerischen Landwehr-Infanterie-Regiments:<\/p>\n<blockquote><p>\u201eK\u00e4mpfe des II. Bataillons bei Drei \u00c4hren und am Wettstein<\/p>\n<p>2. bis 6. September 1914<\/p>\n<p>2. September. Am fr\u00fchen Morgen stie\u00df das Landwehr-Infanterie-Regiment 2 auf der H\u00f6he von Evaux auf den Feind, dessen Angriff es in verlustreichem Kampf schwer standzuhalten, sich jedoch zu behaupten vermochte, bis am sp\u00e4ten Nachmittag der Feind unter dem Druck des \u00fcber den Gratberg langsam vorkommenden Landwehr-Infanterie-Regiment 3 seine Stellung r\u00e4umte. Schon um 8 Uhr morgens war auf die Bitte um Unterst\u00fctzung II.\/L. I. R. 1 der Kampfgruppe H\u00fcbner unterstellt worden.<\/p>\n<p>Das Bataillon marschierte um 8.30 Uhr vormittags von Ingersheim ab und gelangte um 11 Uhr nach Drei \u00c4hren. Der Marsch war infolge der gro\u00dfen Steigungen und der hei\u00dfen Witterung sehr anstrengend.<\/p>\n<p>In Drei \u00c4hren erhielt das Bataillon Befehl, hinter die Mitte von I. und II.\/L. I. R. 2 zu r\u00fccken, welche beide von der H\u00f6he \u00f6stlich Evaux zur\u00fcckgeworfen waren und nunmehr am Waldrand vor dem Wiesengrund 900 Meter westlich Drei \u00c4hren gegen\u00fcber der H\u00f6he von Evaux standen.<\/p>\n<p><strong>Da der Gegner nicht nachdr\u00e4ngte, stand das Bataillon hier bis zum Nachmittag in Reserve gedeckt im Walde in auseinandergezogener Doppelkolonne und erlitt durch einige Granatsch\u00fcsse den Verlust des Vizefeldwebel der Reserve Cronnenberg und eines Landwehrmannes, 5. Kompanie, tot<\/strong>, Oberleutnant der Landwehr Mehling, 6. Kompanie, verwundet.<\/p>\n<p>Nachmittags entsandte der Bataillonskommandeur zwei Offizierspatrouillen gegen die H\u00f6hen von Evaux n\u00f6rdlich und s\u00fcdlich des Ortes, der zum Teil in Brand geschossen war. Die s\u00fcdliche Patrouille wurde von feindlicher Infanterie zur\u00fcckgeworfen, ohne ein Erkundungsergebnis erzielt zu haben; Oberleutnant der Landwehr W\u00f6hrl wurde dabei zweimal verwundet. Die n\u00f6rdliche Patrouille wurde zwar vom Feinde angeschossen, konnte aber melden, dass die H\u00f6hen von Evaux frei vom Feinde seien, der eine flankierende Stellung mit Artillerie in der Linie Nordosthang des gro\u00dfen und kleinen Hohnack eingenommen habe.<\/p>\n<p>Gegen Abend wurde das Bataillon nach Drei \u00c4hren zur\u00fcckgenommen und biwakierte dort unter Besetzung des Sch\u00fctzengrabens am Westausgang des Ortes.\u201c<\/p><\/blockquote>\n<p>Man begrub Josef S\u00e4nftl auf dem Soldatenfriedhof <span data-sheets-root=\"1\"><a class=\"in-cell-link\" href=\"https:\/\/www.google.de\/maps\/place\/Ammerschwihr,+Frankreich\/@48.1167085,7.2318824,13z\/data=!3m1!4b1!4m5!3m4!1s0x479161162b7e2d4f:0x40a5fb99a3940d0!8m2!3d48.1256119!4d7.281956\" target=\"_blank\" rel=\"noopener\">Ammerschwihr<\/a><\/span> in <span data-sheets-root=\"1\">Grab 13.<\/span><\/p>\n<figure id=\"attachment_3451\" aria-describedby=\"caption-attachment-3451\" style=\"width: 422px\" class=\"wp-caption aligncenter\"><img loading=\"lazy\" decoding=\"async\" class=\"size-full wp-image-3451\" src=\"http:\/\/soldatenschicksale.de\/wp-content\/uploads\/2025\/01\/Josef-Saenftl.jpg\" alt=\"\" width=\"422\" height=\"800\" srcset=\"http:\/\/soldatenschicksale.de\/wp-content\/uploads\/2025\/01\/Josef-Saenftl.jpg 422w, http:\/\/soldatenschicksale.de\/wp-content\/uploads\/2025\/01\/Josef-Saenftl-158x300.jpg 158w\" sizes=\"auto, (max-width: 422px) 85vw, 422px\" \/><figcaption id=\"caption-attachment-3451\" class=\"wp-caption-text\">Das Grab von Josef S\u00e4nftl auf dem Soldatenfriedhof Ammerschwihr<\/figcaption><\/figure>\n","protected":false},"excerpt":{"rendered":"<p>Der Soldat Josef S\u00e4nftl stammte aus D\u00fcrneibach, einem Ortsteil der bayerischen Stadt Dorfen. Im Ersten Weltkrieg k\u00e4mpfte er als Wehrmann in der 5. Kompanie des 1. bayerischen Landwehr-Infanterie-Regiments. Am 02.09.1914 fiel er w\u00e4hrend der Vogesenk\u00e4mpfe nahe der Stadt M\u00fcnster (franz\u00f6sisch: Munster, els\u00e4ssisch: Menschter). \u00dcber den Todestag und die Todesumst\u00e4nde von Josepf S\u00e4nftl berichtet die Regimentsgeschichte &hellip; <a href=\"http:\/\/soldatenschicksale.de\/?p=4442\" class=\"more-link\"><span class=\"screen-reader-text\">\u201eSoldatenschicksale des 1. Weltkrieges Teil 250: Josef S\u00e4nftl\u201c <\/span>weiterlesen<\/a><\/p>\n","protected":false},"author":2,"featured_media":0,"comment_status":"closed","ping_status":"open","sticky":false,"template":"","format":"standard","meta":{"footnotes":"","_wp_rev_ctl_limit":""},"categories":[1007,76,988,468,75],"tags":[1495,1479,21,1723,1722,303,1724,78,990,1526,1486,994,306,1259,239],"class_list":["post-4442","post","type-post","status-publish","format-standard","hentry","category-1-weltkrieg","category-frankreich","category-grand-est","category-vogesen-elsass","category-westfront","tag-1-bayerisches-landwehr-infanterie-regiment","tag-ammerschwihr","tag-bayern","tag-dorfen","tag-duerneibach","tag-elsass","tag-evaux","tag-frankreich","tag-grand-est","tag-menschter","tag-muenster","tag-regimentsgeschichte","tag-vogesen","tag-wehrmann","tag-westfront"],"_links":{"self":[{"href":"http:\/\/soldatenschicksale.de\/index.php?rest_route=\/wp\/v2\/posts\/4442","targetHints":{"allow":["GET"]}}],"collection":[{"href":"http:\/\/soldatenschicksale.de\/index.php?rest_route=\/wp\/v2\/posts"}],"about":[{"href":"http:\/\/soldatenschicksale.de\/index.php?rest_route=\/wp\/v2\/types\/post"}],"author":[{"embeddable":true,"href":"http:\/\/soldatenschicksale.de\/index.php?rest_route=\/wp\/v2\/users\/2"}],"replies":[{"embeddable":true,"href":"http:\/\/soldatenschicksale.de\/index.php?rest_route=%2Fwp%2Fv2%2Fcomments&post=4442"}],"version-history":[{"count":3,"href":"http:\/\/soldatenschicksale.de\/index.php?rest_route=\/wp\/v2\/posts\/4442\/revisions"}],"predecessor-version":[{"id":4446,"href":"http:\/\/soldatenschicksale.de\/index.php?rest_route=\/wp\/v2\/posts\/4442\/revisions\/4446"}],"wp:attachment":[{"href":"http:\/\/soldatenschicksale.de\/index.php?rest_route=%2Fwp%2Fv2%2Fmedia&parent=4442"}],"wp:term":[{"taxonomy":"category","embeddable":true,"href":"http:\/\/soldatenschicksale.de\/index.php?rest_route=%2Fwp%2Fv2%2Fcategories&post=4442"},{"taxonomy":"post_tag","embeddable":true,"href":"http:\/\/soldatenschicksale.de\/index.php?rest_route=%2Fwp%2Fv2%2Ftags&post=4442"}],"curies":[{"name":"wp","href":"https:\/\/api.w.org\/{rel}","templated":true}]}}