{"id":4454,"date":"2025-05-01T00:00:36","date_gmt":"2025-04-30T22:00:36","guid":{"rendered":"http:\/\/soldatenschicksale.de\/?p=4454"},"modified":"2025-03-06T10:08:17","modified_gmt":"2025-03-06T09:08:17","slug":"soldatenschicksale-des-1-weltkrieges-teil-252-remigius-bucher","status":"publish","type":"post","link":"http:\/\/soldatenschicksale.de\/?p=4454","title":{"rendered":"Soldatenschicksale des 1. Weltkrieges Teil 252: Remigius Bucher"},"content":{"rendered":"<p>Der Soldat Remigius Bucher stammte aus der bayerischen Gemeinde <a href=\"https:\/\/de.wikipedia.org\/wiki\/Waal_(Schwaben)\" target=\"_blank\" rel=\"noopener\">Waal<\/a> (Schwaben). Im Ersten Weltkrieg k\u00e4mpfte er als Vizefeldwebel in der 8. Kompanie des 2. bayerischen Landwehr-Infanterie-Regiments. Am 31.12.1915 starb er in einem Lazarett in <a href=\"https:\/\/de.wikipedia.org\/wiki\/Trois-%C3%89pis\" target=\"_blank\" rel=\"noopener\">Drei \u00c4hren<\/a> (franz\u00f6sisch: Trois-\u00c9pis<br \/>\n), nachdem er zuvor ebi den K\u00e4mpfen bei <a href=\"https:\/\/de.wikipedia.org\/wiki\/Urbeis\" target=\"_blank\" rel=\"noopener\">Urbeis<\/a> am Eichenrain schwer verwundet worden war.<\/p>\n<p>Man begrub Remigius Bucher auf dem Soldatenfriedhof <span data-sheets-root=\"1\"><a class=\"in-cell-link\" href=\"https:\/\/www.google.de\/maps\/place\/Ammerschwihr,+Frankreich\/@48.1167085,7.2318824,13z\/data=!3m1!4b1!4m5!3m4!1s0x479161162b7e2d4f:0x40a5fb99a3940d0!8m2!3d48.1256119!4d7.281956\" target=\"_blank\" rel=\"noopener\">Ammerschwihr<\/a><\/span> in Grab 9.<\/p>\n<figure id=\"attachment_3454\" aria-describedby=\"caption-attachment-3454\" style=\"width: 483px\" class=\"wp-caption aligncenter\"><img loading=\"lazy\" decoding=\"async\" class=\"size-full wp-image-3454\" src=\"http:\/\/soldatenschicksale.de\/wp-content\/uploads\/2025\/01\/Remigius-Bucher.jpg\" alt=\"\" width=\"483\" height=\"800\" srcset=\"http:\/\/soldatenschicksale.de\/wp-content\/uploads\/2025\/01\/Remigius-Bucher.jpg 483w, http:\/\/soldatenschicksale.de\/wp-content\/uploads\/2025\/01\/Remigius-Bucher-181x300.jpg 181w\" sizes=\"auto, (max-width: 483px) 85vw, 483px\" \/><figcaption id=\"caption-attachment-3454\" class=\"wp-caption-text\">Das Grab von Remigius Bucher auf dem Soldatenfriedhof Ammerschwihr<\/figcaption><\/figure>\n","protected":false},"excerpt":{"rendered":"<p>Der Soldat Remigius Bucher stammte aus der bayerischen Gemeinde Waal (Schwaben). Im Ersten Weltkrieg k\u00e4mpfte er als Vizefeldwebel in der 8. Kompanie des 2. bayerischen Landwehr-Infanterie-Regiments. Am 31.12.1915 starb er in einem Lazarett in Drei \u00c4hren (franz\u00f6sisch: Trois-\u00c9pis ), nachdem er zuvor ebi den K\u00e4mpfen bei Urbeis am Eichenrain schwer verwundet worden war. Man begrub &hellip; <a href=\"http:\/\/soldatenschicksale.de\/?p=4454\" class=\"more-link\"><span class=\"screen-reader-text\">\u201eSoldatenschicksale des 1. Weltkrieges Teil 252: Remigius Bucher\u201c <\/span>weiterlesen<\/a><\/p>\n","protected":false},"author":2,"featured_media":0,"comment_status":"closed","ping_status":"open","sticky":false,"template":"","format":"standard","meta":{"footnotes":"","_wp_rev_ctl_limit":""},"categories":[1007,76,988,468,75],"tags":[1506,1479,21,1480,1541,303,78,990,1566,1526,1486,1726,1500,1481,1727,1047,306,1725,239],"class_list":["post-4454","post","type-post","status-publish","format-standard","hentry","category-1-weltkrieg","category-frankreich","category-grand-est","category-vogesen-elsass","category-westfront","tag-2-bayerisches-landwehr-infanterie-regiment","tag-ammerschwihr","tag-bayern","tag-drei-aehren","tag-eichenrain","tag-elsass","tag-frankreich","tag-grand-est","tag-lazarett-drei-aehren","tag-menschter","tag-muenster","tag-schwaben","tag-stellungskaempfe-urbeis-eichenrain","tag-trois-epis","tag-urbeis","tag-vizefeldwebel","tag-vogesen","tag-waal","tag-westfront"],"_links":{"self":[{"href":"http:\/\/soldatenschicksale.de\/index.php?rest_route=\/wp\/v2\/posts\/4454","targetHints":{"allow":["GET"]}}],"collection":[{"href":"http:\/\/soldatenschicksale.de\/index.php?rest_route=\/wp\/v2\/posts"}],"about":[{"href":"http:\/\/soldatenschicksale.de\/index.php?rest_route=\/wp\/v2\/types\/post"}],"author":[{"embeddable":true,"href":"http:\/\/soldatenschicksale.de\/index.php?rest_route=\/wp\/v2\/users\/2"}],"replies":[{"embeddable":true,"href":"http:\/\/soldatenschicksale.de\/index.php?rest_route=%2Fwp%2Fv2%2Fcomments&post=4454"}],"version-history":[{"count":3,"href":"http:\/\/soldatenschicksale.de\/index.php?rest_route=\/wp\/v2\/posts\/4454\/revisions"}],"predecessor-version":[{"id":4459,"href":"http:\/\/soldatenschicksale.de\/index.php?rest_route=\/wp\/v2\/posts\/4454\/revisions\/4459"}],"wp:attachment":[{"href":"http:\/\/soldatenschicksale.de\/index.php?rest_route=%2Fwp%2Fv2%2Fmedia&parent=4454"}],"wp:term":[{"taxonomy":"category","embeddable":true,"href":"http:\/\/soldatenschicksale.de\/index.php?rest_route=%2Fwp%2Fv2%2Fcategories&post=4454"},{"taxonomy":"post_tag","embeddable":true,"href":"http:\/\/soldatenschicksale.de\/index.php?rest_route=%2Fwp%2Fv2%2Ftags&post=4454"}],"curies":[{"name":"wp","href":"https:\/\/api.w.org\/{rel}","templated":true}]}}