{"id":4512,"date":"2025-05-10T00:00:59","date_gmt":"2025-05-09T22:00:59","guid":{"rendered":"http:\/\/soldatenschicksale.de\/?p=4512"},"modified":"2025-03-07T10:39:33","modified_gmt":"2025-03-07T09:39:33","slug":"soldatenschicksale-des-1-weltkrieges-teil-261-friedrich-degen","status":"publish","type":"post","link":"http:\/\/soldatenschicksale.de\/?p=4512","title":{"rendered":"Soldatenschicksale des 1. Weltkrieges Teil 261: Friedrich Degen"},"content":{"rendered":"<p>Der Soldat Friedrich Degen stammte aus der bayerischen Landeshauptstadt <a href=\"https:\/\/de.wikipedia.org\/wiki\/M%C3%BCnchen\" target=\"_blank\" rel=\"noopener\">M\u00fcnchen<\/a>. Er k\u00e4mpfte im Ersten Weltkrieg als Wehrmann in der 6. Kompanie des 1. bayerischen Landwehr-Infanterie-Regiments. Am 23.12.1915 verstarb er in einem Lazarett bei <a href=\"https:\/\/de.wikipedia.org\/wiki\/Trois-%C3%89pis\" target=\"_blank\" rel=\"noopener\">Drei \u00c4hren<\/a> (franz\u00f6sisch: ), nachdem er zuvor w\u00e4hrend der K\u00e4mpfe in den Vogesen bei der Stadt <a href=\"https:\/\/de.wikipedia.org\/wiki\/Munster_(Haut-Rhin)\" target=\"_blank\" rel=\"noopener\">M\u00fcnster<\/a> (franz\u00f6sisch: Munster, els\u00e4ssisch: Menschter) schwer verwundet worden war.<\/p>\n<p>Man begrub Friedrich Degen auf dem Soldatenfriedhof <span data-sheets-root=\"1\"><a class=\"in-cell-link\" href=\"https:\/\/www.google.de\/maps\/place\/Ammerschwihr,+Frankreich\/@48.1167085,7.2318824,13z\/data=!3m1!4b1!4m5!3m4!1s0x479161162b7e2d4f:0x40a5fb99a3940d0!8m2!3d48.1256119!4d7.281956\" target=\"_blank\" rel=\"noopener\">Ammerschwihr<\/a><\/span> in Grab 2.<\/p>\n<figure id=\"attachment_3461\" aria-describedby=\"caption-attachment-3461\" style=\"width: 500px\" class=\"wp-caption aligncenter\"><img loading=\"lazy\" decoding=\"async\" class=\"size-full wp-image-3461\" src=\"http:\/\/soldatenschicksale.de\/wp-content\/uploads\/2025\/01\/Friedrich-Degen.jpg\" alt=\"\" width=\"500\" height=\"800\" srcset=\"http:\/\/soldatenschicksale.de\/wp-content\/uploads\/2025\/01\/Friedrich-Degen.jpg 500w, http:\/\/soldatenschicksale.de\/wp-content\/uploads\/2025\/01\/Friedrich-Degen-188x300.jpg 188w\" sizes=\"auto, (max-width: 500px) 85vw, 500px\" \/><figcaption id=\"caption-attachment-3461\" class=\"wp-caption-text\">Das Grab von Friedrich Degen auf dem Soldatenfriedhof Ammerschwihr<\/figcaption><\/figure>\n","protected":false},"excerpt":{"rendered":"<p>Der Soldat Friedrich Degen stammte aus der bayerischen Landeshauptstadt M\u00fcnchen. Er k\u00e4mpfte im Ersten Weltkrieg als Wehrmann in der 6. Kompanie des 1. bayerischen Landwehr-Infanterie-Regiments. Am 23.12.1915 verstarb er in einem Lazarett bei Drei \u00c4hren (franz\u00f6sisch: ), nachdem er zuvor w\u00e4hrend der K\u00e4mpfe in den Vogesen bei der Stadt M\u00fcnster (franz\u00f6sisch: Munster, els\u00e4ssisch: Menschter) schwer &hellip; <a href=\"http:\/\/soldatenschicksale.de\/?p=4512\" class=\"more-link\"><span class=\"screen-reader-text\">\u201eSoldatenschicksale des 1. Weltkrieges Teil 261: Friedrich Degen\u201c <\/span>weiterlesen<\/a><\/p>\n","protected":false},"author":2,"featured_media":0,"comment_status":"closed","ping_status":"open","sticky":false,"template":"","format":"standard","meta":{"footnotes":"","_wp_rev_ctl_limit":""},"categories":[1007,76,988,468,75],"tags":[1495,1479,21,1558,1480,303,78,990,1006,170,1498,1526,227,1486,1487,1670,355,1481,306,1259,239],"class_list":["post-4512","post","type-post","status-publish","format-standard","hentry","category-1-weltkrieg","category-frankreich","category-grand-est","category-vogesen-elsass","category-westfront","tag-1-bayerisches-landwehr-infanterie-regiment","tag-ammerschwihr","tag-bayern","tag-collet-du-linge","tag-drei-aehren","tag-elsass","tag-frankreich","tag-grand-est","tag-landeshauptstadt","tag-lazarett","tag-lingekopf","tag-menschter","tag-muenchen","tag-muenster","tag-schratzmaennele","tag-schratzmaennle","tag-schwer-verwundet","tag-trois-epis","tag-vogesen","tag-wehrmann","tag-westfront"],"_links":{"self":[{"href":"http:\/\/soldatenschicksale.de\/index.php?rest_route=\/wp\/v2\/posts\/4512","targetHints":{"allow":["GET"]}}],"collection":[{"href":"http:\/\/soldatenschicksale.de\/index.php?rest_route=\/wp\/v2\/posts"}],"about":[{"href":"http:\/\/soldatenschicksale.de\/index.php?rest_route=\/wp\/v2\/types\/post"}],"author":[{"embeddable":true,"href":"http:\/\/soldatenschicksale.de\/index.php?rest_route=\/wp\/v2\/users\/2"}],"replies":[{"embeddable":true,"href":"http:\/\/soldatenschicksale.de\/index.php?rest_route=%2Fwp%2Fv2%2Fcomments&post=4512"}],"version-history":[{"count":3,"href":"http:\/\/soldatenschicksale.de\/index.php?rest_route=\/wp\/v2\/posts\/4512\/revisions"}],"predecessor-version":[{"id":4518,"href":"http:\/\/soldatenschicksale.de\/index.php?rest_route=\/wp\/v2\/posts\/4512\/revisions\/4518"}],"wp:attachment":[{"href":"http:\/\/soldatenschicksale.de\/index.php?rest_route=%2Fwp%2Fv2%2Fmedia&parent=4512"}],"wp:term":[{"taxonomy":"category","embeddable":true,"href":"http:\/\/soldatenschicksale.de\/index.php?rest_route=%2Fwp%2Fv2%2Fcategories&post=4512"},{"taxonomy":"post_tag","embeddable":true,"href":"http:\/\/soldatenschicksale.de\/index.php?rest_route=%2Fwp%2Fv2%2Ftags&post=4512"}],"curies":[{"name":"wp","href":"https:\/\/api.w.org\/{rel}","templated":true}]}}