{"id":4519,"date":"2025-05-11T00:00:58","date_gmt":"2025-05-10T22:00:58","guid":{"rendered":"http:\/\/soldatenschicksale.de\/?p=4519"},"modified":"2025-03-07T14:24:58","modified_gmt":"2025-03-07T13:24:58","slug":"soldatenschicksale-des-1-weltkrieges-teil-262-josef-bader","status":"publish","type":"post","link":"http:\/\/soldatenschicksale.de\/?p=4519","title":{"rendered":"Soldatenschicksale des 1. Weltkrieges Teil 262: Josef Bader"},"content":{"rendered":"<p>Der Soldat Josef Bader stammte aus Unterauerbach, einem Ortsteil der bayerischen Stadt <a href=\"https:\/\/de.wikipedia.org\/wiki\/Mindelheim\" target=\"_blank\" rel=\"noopener\">Mindelheim<\/a>. Im Ersten Weltkrieg k\u00e4mpfte er als Gefreiter in der 3. Kompanie des 1. bayerischen Landwehr-Infanterie-Regiments. Am 13.09.1916 fiel er w\u00e4hrend der K\u00e4mpfe in den Vogesen bei der Stadt <a href=\"https:\/\/de.wikipedia.org\/wiki\/Munster_(Haut-Rhin)\" target=\"_blank\" rel=\"noopener\">M\u00fcnster<\/a> (franz\u00f6sisch: Munster, els\u00e4ssisch: Menschter). Er wurde w\u00e4hrend der Stellungsk\u00e4mpfe an Eichenrain und <a href=\"https:\/\/www.google.de\/maps\/place\/Schratzmaennele\/@48.0796899,7.1279823,15z\/data=!3m1!4b1!4m6!3m5!1s0x4793d8df98a74967:0xdf16ab4947a3184!8m2!3d48.0796909!4d7.138282!16s%2Fg%2F1tqf_809?entry=ttu&amp;g_ep=EgoyMDI1MDMwNC4wIKXMDSoASAFQAw%3D%3D\" target=\"_blank\" rel=\"noopener\">Schratzm\u00e4nnele<\/a> get\u00f6tet, genauer gesagt am <a href=\"https:\/\/de.wikipedia.org\/wiki\/Collet_du_Linge\" target=\"_blank\" rel=\"noopener\">Lingesattel<\/a>.<\/p>\n<p>Man begrub Josef Bader auf dem Soldatenfriedhof <span data-sheets-root=\"1\"><a class=\"in-cell-link\" href=\"https:\/\/www.google.de\/maps\/place\/Ammerschwihr,+Frankreich\/@48.1167085,7.2318824,13z\/data=!3m1!4b1!4m5!3m4!1s0x479161162b7e2d4f:0x40a5fb99a3940d0!8m2!3d48.1256119!4d7.281956\" target=\"_blank\" rel=\"noopener\">Ammerschwihr<\/a><\/span> in Grab 101.<\/p>\n<figure id=\"attachment_3463\" aria-describedby=\"caption-attachment-3463\" style=\"width: 862px\" class=\"wp-caption aligncenter\"><img loading=\"lazy\" decoding=\"async\" class=\"size-full wp-image-3463\" src=\"http:\/\/soldatenschicksale.de\/wp-content\/uploads\/2025\/01\/Josef-bader.jpg\" alt=\"\" width=\"862\" height=\"800\" srcset=\"http:\/\/soldatenschicksale.de\/wp-content\/uploads\/2025\/01\/Josef-bader.jpg 862w, http:\/\/soldatenschicksale.de\/wp-content\/uploads\/2025\/01\/Josef-bader-300x278.jpg 300w, http:\/\/soldatenschicksale.de\/wp-content\/uploads\/2025\/01\/Josef-bader-768x713.jpg 768w\" sizes=\"auto, (max-width: 709px) 85vw, (max-width: 909px) 67vw, (max-width: 1362px) 62vw, 840px\" \/><figcaption id=\"caption-attachment-3463\" class=\"wp-caption-text\">Das Grab von Josef Bader auf dem Soldatenfriedhof Ammerschwihr<\/figcaption><\/figure>\n","protected":false},"excerpt":{"rendered":"<p>Der Soldat Josef Bader stammte aus Unterauerbach, einem Ortsteil der bayerischen Stadt Mindelheim. Im Ersten Weltkrieg k\u00e4mpfte er als Gefreiter in der 3. Kompanie des 1. bayerischen Landwehr-Infanterie-Regiments. Am 13.09.1916 fiel er w\u00e4hrend der K\u00e4mpfe in den Vogesen bei der Stadt M\u00fcnster (franz\u00f6sisch: Munster, els\u00e4ssisch: Menschter). Er wurde w\u00e4hrend der Stellungsk\u00e4mpfe an Eichenrain und Schratzm\u00e4nnele &hellip; <a href=\"http:\/\/soldatenschicksale.de\/?p=4519\" class=\"more-link\"><span class=\"screen-reader-text\">\u201eSoldatenschicksale des 1. Weltkrieges Teil 262: Josef Bader\u201c <\/span>weiterlesen<\/a><\/p>\n","protected":false},"author":2,"featured_media":0,"comment_status":"closed","ping_status":"open","sticky":false,"template":"","format":"standard","meta":{"footnotes":"","_wp_rev_ctl_limit":""},"categories":[1007,76,988,468,75],"tags":[1495,1479,21,1558,1541,303,78,11,990,1498,1497,1526,1743,1486,1487,1670,1744,306,239],"class_list":["post-4519","post","type-post","status-publish","format-standard","hentry","category-1-weltkrieg","category-frankreich","category-grand-est","category-vogesen-elsass","category-westfront","tag-1-bayerisches-landwehr-infanterie-regiment","tag-ammerschwihr","tag-bayern","tag-collet-du-linge","tag-eichenrain","tag-elsass","tag-frankreich","tag-gefreiter","tag-grand-est","tag-lingekopf","tag-lingesattel","tag-menschter","tag-mindelheim","tag-muenster","tag-schratzmaennele","tag-schratzmaennle","tag-unterauerbach","tag-vogesen","tag-westfront"],"_links":{"self":[{"href":"http:\/\/soldatenschicksale.de\/index.php?rest_route=\/wp\/v2\/posts\/4519","targetHints":{"allow":["GET"]}}],"collection":[{"href":"http:\/\/soldatenschicksale.de\/index.php?rest_route=\/wp\/v2\/posts"}],"about":[{"href":"http:\/\/soldatenschicksale.de\/index.php?rest_route=\/wp\/v2\/types\/post"}],"author":[{"embeddable":true,"href":"http:\/\/soldatenschicksale.de\/index.php?rest_route=\/wp\/v2\/users\/2"}],"replies":[{"embeddable":true,"href":"http:\/\/soldatenschicksale.de\/index.php?rest_route=%2Fwp%2Fv2%2Fcomments&post=4519"}],"version-history":[{"count":3,"href":"http:\/\/soldatenschicksale.de\/index.php?rest_route=\/wp\/v2\/posts\/4519\/revisions"}],"predecessor-version":[{"id":4524,"href":"http:\/\/soldatenschicksale.de\/index.php?rest_route=\/wp\/v2\/posts\/4519\/revisions\/4524"}],"wp:attachment":[{"href":"http:\/\/soldatenschicksale.de\/index.php?rest_route=%2Fwp%2Fv2%2Fmedia&parent=4519"}],"wp:term":[{"taxonomy":"category","embeddable":true,"href":"http:\/\/soldatenschicksale.de\/index.php?rest_route=%2Fwp%2Fv2%2Fcategories&post=4519"},{"taxonomy":"post_tag","embeddable":true,"href":"http:\/\/soldatenschicksale.de\/index.php?rest_route=%2Fwp%2Fv2%2Ftags&post=4519"}],"curies":[{"name":"wp","href":"https:\/\/api.w.org\/{rel}","templated":true}]}}