{"id":4530,"date":"2025-05-13T00:00:46","date_gmt":"2025-05-12T22:00:46","guid":{"rendered":"http:\/\/soldatenschicksale.de\/?p=4530"},"modified":"2025-03-07T15:38:50","modified_gmt":"2025-03-07T14:38:50","slug":"soldatenschicksale-des-1-weltkrieges-teil-264-friedrich-lang","status":"publish","type":"post","link":"http:\/\/soldatenschicksale.de\/?p=4530","title":{"rendered":"Soldatenschicksale des 1. Weltkrieges Teil 264: Friedrich Lang"},"content":{"rendered":"<p>Der Soldat Friedrich Lang stammte aus <a href=\"https:\/\/de.wikipedia.org\/wiki\/Schm%C3%A4hingen\" target=\"_blank\" rel=\"noopener\">Schm\u00e4hingen<\/a>, einem Ortsteil der bayerischen Stadt <a href=\"https:\/\/de.wikipedia.org\/wiki\/N%C3%B6rdlingen\" target=\"_blank\" rel=\"noopener\">N\u00f6rdlingen<\/a>. Er k\u00e4mpfte im Ersten Weltkrieg als Landsturmmann in der 3. Kompanie des 1. bayerischen Landwehr-Infanterie-Regiments. Am 13.09.1916 fiel er w\u00e4hrend der K\u00e4mpfe in den Vogesen bei der Stadt <a href=\"https:\/\/de.wikipedia.org\/wiki\/Munster_(Haut-Rhin)\" target=\"_blank\" rel=\"noopener\">M\u00fcnster<\/a> (franz\u00f6sisch: Munster, els\u00e4ssisch: Menschter). Er wurde w\u00e4hrend der Stellungsk\u00e4mpfe an Eichenrain und <a href=\"https:\/\/www.google.de\/maps\/place\/Schratzmaennele\/@48.0796899,7.1279823,15z\/data=!3m1!4b1!4m6!3m5!1s0x4793d8df98a74967:0xdf16ab4947a3184!8m2!3d48.0796909!4d7.138282!16s%2Fg%2F1tqf_809?entry=ttu&amp;g_ep=EgoyMDI1MDMwNC4wIKXMDSoASAFQAw%3D%3D\" target=\"_blank\" rel=\"noopener\">Schratzm\u00e4nnele<\/a> get\u00f6tet, genauer gesagt am <a href=\"https:\/\/de.wikipedia.org\/wiki\/Collet_du_Linge\" target=\"_blank\" rel=\"noopener\">Lingesattel<\/a>.<\/p>\n<p>Man begrub Friedrich Lang auf dem Soldatenfriedhof <span data-sheets-root=\"1\"><a class=\"in-cell-link\" href=\"https:\/\/www.google.de\/maps\/place\/Ammerschwihr,+Frankreich\/@48.1167085,7.2318824,13z\/data=!3m1!4b1!4m5!3m4!1s0x479161162b7e2d4f:0x40a5fb99a3940d0!8m2!3d48.1256119!4d7.281956\" target=\"_blank\" rel=\"noopener\">Ammerschwihr<\/a><\/span> in Grab 100.<\/p>\n<figure id=\"attachment_3462\" aria-describedby=\"caption-attachment-3462\" style=\"width: 674px\" class=\"wp-caption aligncenter\"><img loading=\"lazy\" decoding=\"async\" class=\"size-full wp-image-3462\" src=\"http:\/\/soldatenschicksale.de\/wp-content\/uploads\/2025\/01\/Friedrich-Lang.jpg\" alt=\"\" width=\"674\" height=\"800\" srcset=\"http:\/\/soldatenschicksale.de\/wp-content\/uploads\/2025\/01\/Friedrich-Lang.jpg 674w, http:\/\/soldatenschicksale.de\/wp-content\/uploads\/2025\/01\/Friedrich-Lang-253x300.jpg 253w\" sizes=\"auto, (max-width: 709px) 85vw, (max-width: 909px) 67vw, (max-width: 984px) 61vw, (max-width: 1362px) 45vw, 600px\" \/><figcaption id=\"caption-attachment-3462\" class=\"wp-caption-text\">Das Grab von Friedrich Lang auf dem Soldatenfriedhof Ammerschwihr<\/figcaption><\/figure>\n","protected":false},"excerpt":{"rendered":"<p>Der Soldat Friedrich Lang stammte aus Schm\u00e4hingen, einem Ortsteil der bayerischen Stadt N\u00f6rdlingen. Er k\u00e4mpfte im Ersten Weltkrieg als Landsturmmann in der 3. Kompanie des 1. bayerischen Landwehr-Infanterie-Regiments. Am 13.09.1916 fiel er w\u00e4hrend der K\u00e4mpfe in den Vogesen bei der Stadt M\u00fcnster (franz\u00f6sisch: Munster, els\u00e4ssisch: Menschter). Er wurde w\u00e4hrend der Stellungsk\u00e4mpfe an Eichenrain und Schratzm\u00e4nnele &hellip; <a href=\"http:\/\/soldatenschicksale.de\/?p=4530\" class=\"more-link\"><span class=\"screen-reader-text\">\u201eSoldatenschicksale des 1. Weltkrieges Teil 264: Friedrich Lang\u201c <\/span>weiterlesen<\/a><\/p>\n","protected":false},"author":2,"featured_media":0,"comment_status":"closed","ping_status":"open","sticky":false,"template":"","format":"standard","meta":{"footnotes":"","_wp_rev_ctl_limit":""},"categories":[1007,76,988,468,75],"tags":[1495,21,1558,303,78,990,1094,1498,1497,1526,1486,1748,1747,1487,1670,306,239],"class_list":["post-4530","post","type-post","status-publish","format-standard","hentry","category-1-weltkrieg","category-frankreich","category-grand-est","category-vogesen-elsass","category-westfront","tag-1-bayerisches-landwehr-infanterie-regiment","tag-bayern","tag-collet-du-linge","tag-elsass","tag-frankreich","tag-grand-est","tag-landsturmmann","tag-lingekopf","tag-lingesattel","tag-menschter","tag-muenster","tag-noerdlingen","tag-schmaehingen","tag-schratzmaennele","tag-schratzmaennle","tag-vogesen","tag-westfront"],"_links":{"self":[{"href":"http:\/\/soldatenschicksale.de\/index.php?rest_route=\/wp\/v2\/posts\/4530","targetHints":{"allow":["GET"]}}],"collection":[{"href":"http:\/\/soldatenschicksale.de\/index.php?rest_route=\/wp\/v2\/posts"}],"about":[{"href":"http:\/\/soldatenschicksale.de\/index.php?rest_route=\/wp\/v2\/types\/post"}],"author":[{"embeddable":true,"href":"http:\/\/soldatenschicksale.de\/index.php?rest_route=\/wp\/v2\/users\/2"}],"replies":[{"embeddable":true,"href":"http:\/\/soldatenschicksale.de\/index.php?rest_route=%2Fwp%2Fv2%2Fcomments&post=4530"}],"version-history":[{"count":3,"href":"http:\/\/soldatenschicksale.de\/index.php?rest_route=\/wp\/v2\/posts\/4530\/revisions"}],"predecessor-version":[{"id":4535,"href":"http:\/\/soldatenschicksale.de\/index.php?rest_route=\/wp\/v2\/posts\/4530\/revisions\/4535"}],"wp:attachment":[{"href":"http:\/\/soldatenschicksale.de\/index.php?rest_route=%2Fwp%2Fv2%2Fmedia&parent=4530"}],"wp:term":[{"taxonomy":"category","embeddable":true,"href":"http:\/\/soldatenschicksale.de\/index.php?rest_route=%2Fwp%2Fv2%2Fcategories&post=4530"},{"taxonomy":"post_tag","embeddable":true,"href":"http:\/\/soldatenschicksale.de\/index.php?rest_route=%2Fwp%2Fv2%2Ftags&post=4530"}],"curies":[{"name":"wp","href":"https:\/\/api.w.org\/{rel}","templated":true}]}}