{"id":4536,"date":"2025-05-14T00:00:49","date_gmt":"2025-05-13T22:00:49","guid":{"rendered":"http:\/\/soldatenschicksale.de\/?p=4536"},"modified":"2025-03-08T15:28:33","modified_gmt":"2025-03-08T14:28:33","slug":"soldatenschicksale-des-1-weltkrieges-teil-265-josef-hanner","status":"publish","type":"post","link":"http:\/\/soldatenschicksale.de\/?p=4536","title":{"rendered":"Soldatenschicksale des 1. Weltkrieges Teil 265: Josef Hanner"},"content":{"rendered":"<p>Der Soldat Josef Hanner stammte aus der bayerischen Landeshauptstadt <a href=\"https:\/\/de.wikipedia.org\/wiki\/M%C3%BCnchen\" target=\"_blank\" rel=\"noopener\">M\u00fcnchen<\/a>. Im Ersten Weltkrieg k\u00e4mpfte er als Landsturmmann in der 3. Kompanie des 1. bayerischen Landwehr-Infanterie-Regiments. Am 14.09.1916 Am 13.09.1916 fiel er w\u00e4hrend der K\u00e4mpfe in den Vogesen bei der Stadt\u00a0<a href=\"https:\/\/de.wikipedia.org\/wiki\/Munster_(Haut-Rhin)\" target=\"_blank\" rel=\"noopener\">M\u00fcnster<\/a>\u00a0(franz\u00f6sisch: Munster, els\u00e4ssisch: Menschter). Er wurde w\u00e4hrend der Stellungsk\u00e4mpfe an Eichenrain und\u00a0<a href=\"https:\/\/www.google.de\/maps\/place\/Schratzmaennele\/@48.0796899,7.1279823,15z\/data=!3m1!4b1!4m6!3m5!1s0x4793d8df98a74967:0xdf16ab4947a3184!8m2!3d48.0796909!4d7.138282!16s%2Fg%2F1tqf_809?entry=ttu&amp;g_ep=EgoyMDI1MDMwNC4wIKXMDSoASAFQAw%3D%3D\" target=\"_blank\" rel=\"noopener\">Schratzm\u00e4nnele<\/a>\u00a0get\u00f6tet, genauer gesagt am\u00a0<a href=\"https:\/\/de.wikipedia.org\/wiki\/Collet_du_Linge\" target=\"_blank\" rel=\"noopener\">Lingesattel<\/a>.<\/p>\n<p>Man begrub Josef Hanner auf dem Soldatenfriedhof <span data-sheets-root=\"1\"><a class=\"in-cell-link\" href=\"https:\/\/www.google.de\/maps\/place\/Ammerschwihr,+Frankreich\/@48.1167085,7.2318824,13z\/data=!3m1!4b1!4m5!3m4!1s0x479161162b7e2d4f:0x40a5fb99a3940d0!8m2!3d48.1256119!4d7.281956\" target=\"_blank\" rel=\"noopener\">Ammerschwihr<\/a><\/span> in Grab 102.<\/p>\n<figure id=\"attachment_3464\" aria-describedby=\"caption-attachment-3464\" style=\"width: 519px\" class=\"wp-caption aligncenter\"><img loading=\"lazy\" decoding=\"async\" class=\"size-full wp-image-3464\" src=\"http:\/\/soldatenschicksale.de\/wp-content\/uploads\/2025\/01\/Josef-Hanner.jpg\" alt=\"\" width=\"519\" height=\"800\" srcset=\"http:\/\/soldatenschicksale.de\/wp-content\/uploads\/2025\/01\/Josef-Hanner.jpg 519w, http:\/\/soldatenschicksale.de\/wp-content\/uploads\/2025\/01\/Josef-Hanner-195x300.jpg 195w\" sizes=\"auto, (max-width: 519px) 85vw, 519px\" \/><figcaption id=\"caption-attachment-3464\" class=\"wp-caption-text\">Das Grab von Josef Hanner auf dem Soldatenfriedhof Ammerschwihr<\/figcaption><\/figure>\n","protected":false},"excerpt":{"rendered":"<p>Der Soldat Josef Hanner stammte aus der bayerischen Landeshauptstadt M\u00fcnchen. Im Ersten Weltkrieg k\u00e4mpfte er als Landsturmmann in der 3. Kompanie des 1. bayerischen Landwehr-Infanterie-Regiments. Am 14.09.1916 Am 13.09.1916 fiel er w\u00e4hrend der K\u00e4mpfe in den Vogesen bei der Stadt\u00a0M\u00fcnster\u00a0(franz\u00f6sisch: Munster, els\u00e4ssisch: Menschter). Er wurde w\u00e4hrend der Stellungsk\u00e4mpfe an Eichenrain und\u00a0Schratzm\u00e4nnele\u00a0get\u00f6tet, genauer gesagt am\u00a0Lingesattel. Man &hellip; <a href=\"http:\/\/soldatenschicksale.de\/?p=4536\" class=\"more-link\"><span class=\"screen-reader-text\">\u201eSoldatenschicksale des 1. Weltkrieges Teil 265: Josef Hanner\u201c <\/span>weiterlesen<\/a><\/p>\n","protected":false},"author":2,"featured_media":0,"comment_status":"closed","ping_status":"open","sticky":false,"template":"","format":"standard","meta":{"footnotes":"","_wp_rev_ctl_limit":""},"categories":[1007,76,988,468,75],"tags":[1495,1479,21,1558,303,78,990,1006,1094,1498,1497,1526,227,1486,1487,1670,306,239],"class_list":["post-4536","post","type-post","status-publish","format-standard","hentry","category-1-weltkrieg","category-frankreich","category-grand-est","category-vogesen-elsass","category-westfront","tag-1-bayerisches-landwehr-infanterie-regiment","tag-ammerschwihr","tag-bayern","tag-collet-du-linge","tag-elsass","tag-frankreich","tag-grand-est","tag-landeshauptstadt","tag-landsturmmann","tag-lingekopf","tag-lingesattel","tag-menschter","tag-muenchen","tag-muenster","tag-schratzmaennele","tag-schratzmaennle","tag-vogesen","tag-westfront"],"_links":{"self":[{"href":"http:\/\/soldatenschicksale.de\/index.php?rest_route=\/wp\/v2\/posts\/4536","targetHints":{"allow":["GET"]}}],"collection":[{"href":"http:\/\/soldatenschicksale.de\/index.php?rest_route=\/wp\/v2\/posts"}],"about":[{"href":"http:\/\/soldatenschicksale.de\/index.php?rest_route=\/wp\/v2\/types\/post"}],"author":[{"embeddable":true,"href":"http:\/\/soldatenschicksale.de\/index.php?rest_route=\/wp\/v2\/users\/2"}],"replies":[{"embeddable":true,"href":"http:\/\/soldatenschicksale.de\/index.php?rest_route=%2Fwp%2Fv2%2Fcomments&post=4536"}],"version-history":[{"count":3,"href":"http:\/\/soldatenschicksale.de\/index.php?rest_route=\/wp\/v2\/posts\/4536\/revisions"}],"predecessor-version":[{"id":4542,"href":"http:\/\/soldatenschicksale.de\/index.php?rest_route=\/wp\/v2\/posts\/4536\/revisions\/4542"}],"wp:attachment":[{"href":"http:\/\/soldatenschicksale.de\/index.php?rest_route=%2Fwp%2Fv2%2Fmedia&parent=4536"}],"wp:term":[{"taxonomy":"category","embeddable":true,"href":"http:\/\/soldatenschicksale.de\/index.php?rest_route=%2Fwp%2Fv2%2Fcategories&post=4536"},{"taxonomy":"post_tag","embeddable":true,"href":"http:\/\/soldatenschicksale.de\/index.php?rest_route=%2Fwp%2Fv2%2Ftags&post=4536"}],"curies":[{"name":"wp","href":"https:\/\/api.w.org\/{rel}","templated":true}]}}