{"id":4543,"date":"2025-05-15T00:00:36","date_gmt":"2025-05-14T22:00:36","guid":{"rendered":"http:\/\/soldatenschicksale.de\/?p=4543"},"modified":"2025-03-08T16:07:47","modified_gmt":"2025-03-08T15:07:47","slug":"soldatenschicksale-des-1-weltkrieges-teil-266-johann-maurer","status":"publish","type":"post","link":"http:\/\/soldatenschicksale.de\/?p=4543","title":{"rendered":"Soldatenschicksale des 1. Weltkrieges Teil 266: Johann Maurer"},"content":{"rendered":"<p>Der Soldat Johann Maurer wurde am 23.06.1889 in der bayerischen Stadt <a href=\"https:\/\/de.wikipedia.org\/wiki\/Bad_Aibling\" target=\"_blank\" rel=\"noopener\">Bad Aibling<\/a> geboren. Im Ersten Weltkrieg k\u00e4mpfte er als Gefreiter in der 7. Kompanie des 1. bayerischen Landwehr-Infanterie-Regiments. Am 06.11.1918 verungl\u00fcckte er w\u00e4hrend der letzten K\u00e4mpfe in der Vogesen nahe der Stadt <a href=\"https:\/\/de.wikipedia.org\/wiki\/Munster_(Haut-Rhin)\" target=\"_blank\" rel=\"noopener\">M\u00fcnster<\/a> (franz\u00f6sisch: Munster, els\u00e4ssisch: Menschter) t\u00f6dlich. Er starb am Eichenrain nahe des <a href=\"https:\/\/de.wikipedia.org\/wiki\/Collet_du_Linge\" target=\"_blank\" rel=\"noopener\">Lingekopfes<\/a> und wurde 29 Jahre alt.<\/p>\n<p>Man begrub Johann Maurer auf dem Soldatenfriedhof <span data-sheets-root=\"1\"><a class=\"in-cell-link\" href=\"https:\/\/www.google.de\/maps\/place\/Ammerschwihr,+Frankreich\/@48.1167085,7.2318824,13z\/data=!3m1!4b1!4m5!3m4!1s0x479161162b7e2d4f:0x40a5fb99a3940d0!8m2!3d48.1256119!4d7.281956\" target=\"_blank\" rel=\"noopener\">Ammerschwihr<\/a><\/span> in Grab 103.<\/p>\n<figure id=\"attachment_3474\" aria-describedby=\"caption-attachment-3474\" style=\"width: 462px\" class=\"wp-caption aligncenter\"><img loading=\"lazy\" decoding=\"async\" class=\"size-full wp-image-3474\" src=\"http:\/\/soldatenschicksale.de\/wp-content\/uploads\/2025\/01\/Johann-Maurer.jpg\" alt=\"\" width=\"462\" height=\"800\" srcset=\"http:\/\/soldatenschicksale.de\/wp-content\/uploads\/2025\/01\/Johann-Maurer.jpg 462w, http:\/\/soldatenschicksale.de\/wp-content\/uploads\/2025\/01\/Johann-Maurer-173x300.jpg 173w\" sizes=\"auto, (max-width: 462px) 85vw, 462px\" \/><figcaption id=\"caption-attachment-3474\" class=\"wp-caption-text\">Das Grab von Johann Maurer auf dem Soldatenfriedhof Ammerschwihr<\/figcaption><\/figure>\n","protected":false},"excerpt":{"rendered":"<p>Der Soldat Johann Maurer wurde am 23.06.1889 in der bayerischen Stadt Bad Aibling geboren. Im Ersten Weltkrieg k\u00e4mpfte er als Gefreiter in der 7. Kompanie des 1. bayerischen Landwehr-Infanterie-Regiments. Am 06.11.1918 verungl\u00fcckte er w\u00e4hrend der letzten K\u00e4mpfe in der Vogesen nahe der Stadt M\u00fcnster (franz\u00f6sisch: Munster, els\u00e4ssisch: Menschter) t\u00f6dlich. Er starb am Eichenrain nahe des &hellip; <a href=\"http:\/\/soldatenschicksale.de\/?p=4543\" class=\"more-link\"><span class=\"screen-reader-text\">\u201eSoldatenschicksale des 1. Weltkrieges Teil 266: Johann Maurer\u201c <\/span>weiterlesen<\/a><\/p>\n","protected":false},"author":2,"featured_media":0,"comment_status":"closed","ping_status":"open","sticky":false,"template":"","format":"standard","meta":{"footnotes":"","_wp_rev_ctl_limit":""},"categories":[1007,76,988,468,75],"tags":[1495,1479,1749,21,1541,1750,78,11,990,1498,1526,1486,1487,1670,858,306,239],"class_list":["post-4543","post","type-post","status-publish","format-standard","hentry","category-1-weltkrieg","category-frankreich","category-grand-est","category-vogesen-elsass","category-westfront","tag-1-bayerisches-landwehr-infanterie-regiment","tag-ammerschwihr","tag-bad-aibling","tag-bayern","tag-eichenrain","tag-erlsass","tag-frankreich","tag-gefreiter","tag-grand-est","tag-lingekopf","tag-menschter","tag-muenster","tag-schratzmaennele","tag-schratzmaennle","tag-toedlich-verunglueckt","tag-vogesen","tag-westfront"],"_links":{"self":[{"href":"http:\/\/soldatenschicksale.de\/index.php?rest_route=\/wp\/v2\/posts\/4543","targetHints":{"allow":["GET"]}}],"collection":[{"href":"http:\/\/soldatenschicksale.de\/index.php?rest_route=\/wp\/v2\/posts"}],"about":[{"href":"http:\/\/soldatenschicksale.de\/index.php?rest_route=\/wp\/v2\/types\/post"}],"author":[{"embeddable":true,"href":"http:\/\/soldatenschicksale.de\/index.php?rest_route=\/wp\/v2\/users\/2"}],"replies":[{"embeddable":true,"href":"http:\/\/soldatenschicksale.de\/index.php?rest_route=%2Fwp%2Fv2%2Fcomments&post=4543"}],"version-history":[{"count":3,"href":"http:\/\/soldatenschicksale.de\/index.php?rest_route=\/wp\/v2\/posts\/4543\/revisions"}],"predecessor-version":[{"id":4548,"href":"http:\/\/soldatenschicksale.de\/index.php?rest_route=\/wp\/v2\/posts\/4543\/revisions\/4548"}],"wp:attachment":[{"href":"http:\/\/soldatenschicksale.de\/index.php?rest_route=%2Fwp%2Fv2%2Fmedia&parent=4543"}],"wp:term":[{"taxonomy":"category","embeddable":true,"href":"http:\/\/soldatenschicksale.de\/index.php?rest_route=%2Fwp%2Fv2%2Fcategories&post=4543"},{"taxonomy":"post_tag","embeddable":true,"href":"http:\/\/soldatenschicksale.de\/index.php?rest_route=%2Fwp%2Fv2%2Ftags&post=4543"}],"curies":[{"name":"wp","href":"https:\/\/api.w.org\/{rel}","templated":true}]}}