{"id":4566,"date":"2025-05-19T00:00:21","date_gmt":"2025-05-18T22:00:21","guid":{"rendered":"http:\/\/soldatenschicksale.de\/?p=4566"},"modified":"2025-03-13T11:08:59","modified_gmt":"2025-03-13T10:08:59","slug":"soldatenschicksale-des-1-weltkrieges-teil-270-benno-stadler","status":"publish","type":"post","link":"http:\/\/soldatenschicksale.de\/?p=4566","title":{"rendered":"Soldatenschicksale des 1. Weltkrieges Teil 270: Benno Stadler"},"content":{"rendered":"<p>Der Soldat Benno Stadler stammte aus <a href=\"https:\/\/maps.app.goo.gl\/QQZdgrqTSMfJMg9T6\" target=\"_blank\" rel=\"noopener\">Gottholbing<\/a>, einem Ortsteil der bayerischen Gemeinde <a href=\"https:\/\/de.wikipedia.org\/wiki\/Massing\" target=\"_blank\" rel=\"noopener\">Massing<\/a>. Im Ersten Weltkrieg k\u00e4mpfte er als Vizefeldwebel und Offizier-Aspirant in der 10. Kompanie des 1. bayerischen Landwehr-Infanterie-Regiments. Am 27.09.1916 starb er in einem Lazarett bei <a href=\"https:\/\/de.wikipedia.org\/wiki\/Trois-%C3%89pis\" target=\"_blank\" rel=\"noopener\">Drei \u00c4hren<\/a> (franz\u00f6sisch: Trois-\u00c9pis) nachdem er zuvor am <a href=\"https:\/\/de.wikipedia.org\/wiki\/Collet_du_Linge\" target=\"_blank\" rel=\"noopener\">Lingekopf<\/a> (franz\u00f6sisch: Collet du Linge)schwer verwundet worden war.<\/p>\n<p>Man begrub Benno Stadler auf dem Soldatenfriedhof <span data-sheets-root=\"1\"><a class=\"in-cell-link\" href=\"https:\/\/www.google.de\/maps\/place\/Ammerschwihr,+Frankreich\/@48.1167085,7.2318824,13z\/data=!3m1!4b1!4m5!3m4!1s0x479161162b7e2d4f:0x40a5fb99a3940d0!8m2!3d48.1256119!4d7.281956\" target=\"_blank\" rel=\"noopener\">Ammerschwihr<\/a><\/span> in Grab 107.<\/p>\n<figure id=\"attachment_3475\" aria-describedby=\"caption-attachment-3475\" style=\"width: 375px\" class=\"wp-caption aligncenter\"><img loading=\"lazy\" decoding=\"async\" class=\"size-full wp-image-3475\" src=\"http:\/\/soldatenschicksale.de\/wp-content\/uploads\/2025\/01\/Benno-Stadler.jpg\" alt=\"\" width=\"375\" height=\"800\" srcset=\"http:\/\/soldatenschicksale.de\/wp-content\/uploads\/2025\/01\/Benno-Stadler.jpg 375w, http:\/\/soldatenschicksale.de\/wp-content\/uploads\/2025\/01\/Benno-Stadler-141x300.jpg 141w\" sizes=\"auto, (max-width: 375px) 85vw, 375px\" \/><figcaption id=\"caption-attachment-3475\" class=\"wp-caption-text\">Das Grab von Benno Stadler auf dem Soldatenfriedhof Ammerschwihr<\/figcaption><\/figure>\n","protected":false},"excerpt":{"rendered":"<p>Der Soldat Benno Stadler stammte aus Gottholbing, einem Ortsteil der bayerischen Gemeinde Massing. Im Ersten Weltkrieg k\u00e4mpfte er als Vizefeldwebel und Offizier-Aspirant in der 10. Kompanie des 1. bayerischen Landwehr-Infanterie-Regiments. Am 27.09.1916 starb er in einem Lazarett bei Drei \u00c4hren (franz\u00f6sisch: Trois-\u00c9pis) nachdem er zuvor am Lingekopf (franz\u00f6sisch: Collet du Linge)schwer verwundet worden war. Man &hellip; <a href=\"http:\/\/soldatenschicksale.de\/?p=4566\" class=\"more-link\"><span class=\"screen-reader-text\">\u201eSoldatenschicksale des 1. Weltkrieges Teil 270: Benno Stadler\u201c <\/span>weiterlesen<\/a><\/p>\n","protected":false},"author":2,"featured_media":0,"comment_status":"closed","ping_status":"open","sticky":false,"template":"","format":"standard","meta":{"footnotes":"","_wp_rev_ctl_limit":""},"categories":[1007,76,988,468,75],"tags":[1495,1479,1758,21,1558,1480,303,78,1756,990,1566,1498,1757,986,355,1481,1047,306,239],"class_list":["post-4566","post","type-post","status-publish","format-standard","hentry","category-1-weltkrieg","category-frankreich","category-grand-est","category-vogesen-elsass","category-westfront","tag-1-bayerisches-landwehr-infanterie-regiment","tag-ammerschwihr","tag-aoffiziersaspirant","tag-bayern","tag-collet-du-linge","tag-drei-aehren","tag-elsass","tag-frankreich","tag-gottholbing","tag-grand-est","tag-lazarett-drei-aehren","tag-lingekopf","tag-massing","tag-offiziersanwaerter","tag-schwer-verwundet","tag-trois-epis","tag-vizefeldwebel","tag-vogesen","tag-westfront"],"_links":{"self":[{"href":"http:\/\/soldatenschicksale.de\/index.php?rest_route=\/wp\/v2\/posts\/4566","targetHints":{"allow":["GET"]}}],"collection":[{"href":"http:\/\/soldatenschicksale.de\/index.php?rest_route=\/wp\/v2\/posts"}],"about":[{"href":"http:\/\/soldatenschicksale.de\/index.php?rest_route=\/wp\/v2\/types\/post"}],"author":[{"embeddable":true,"href":"http:\/\/soldatenschicksale.de\/index.php?rest_route=\/wp\/v2\/users\/2"}],"replies":[{"embeddable":true,"href":"http:\/\/soldatenschicksale.de\/index.php?rest_route=%2Fwp%2Fv2%2Fcomments&post=4566"}],"version-history":[{"count":3,"href":"http:\/\/soldatenschicksale.de\/index.php?rest_route=\/wp\/v2\/posts\/4566\/revisions"}],"predecessor-version":[{"id":4572,"href":"http:\/\/soldatenschicksale.de\/index.php?rest_route=\/wp\/v2\/posts\/4566\/revisions\/4572"}],"wp:attachment":[{"href":"http:\/\/soldatenschicksale.de\/index.php?rest_route=%2Fwp%2Fv2%2Fmedia&parent=4566"}],"wp:term":[{"taxonomy":"category","embeddable":true,"href":"http:\/\/soldatenschicksale.de\/index.php?rest_route=%2Fwp%2Fv2%2Fcategories&post=4566"},{"taxonomy":"post_tag","embeddable":true,"href":"http:\/\/soldatenschicksale.de\/index.php?rest_route=%2Fwp%2Fv2%2Ftags&post=4566"}],"curies":[{"name":"wp","href":"https:\/\/api.w.org\/{rel}","templated":true}]}}