{"id":4591,"date":"2025-05-23T00:00:13","date_gmt":"2025-05-22T22:00:13","guid":{"rendered":"http:\/\/soldatenschicksale.de\/?p=4591"},"modified":"2025-03-14T15:55:54","modified_gmt":"2025-03-14T14:55:54","slug":"soldatenschicksale-des-1-weltkrieges-teil-274-johann-herele","status":"publish","type":"post","link":"http:\/\/soldatenschicksale.de\/?p=4591","title":{"rendered":"Soldatenschicksale des 1. Weltkrieges Teil 274: Johann Herele"},"content":{"rendered":"<p>Der Soldat Johann Herele stammte aus Oberrammingen, einem Ortsteil der bayerischen Gemeinde <a href=\"https:\/\/de.wikipedia.org\/wiki\/Rammingen\" target=\"_blank\" rel=\"noopener\">Rammingen<\/a>. Im Ersten Weltkrieg k\u00e4mpfte er als Unteroffizier in der 3. Kompanie des 2. bayerischen Landwehr-Infanterie-Regiments. Am 18.07.1916 fiel er w\u00e4hrend der K\u00e4mpfe in den Vogesen n\u00f6rdlich der Stadt <a href=\"https:\/\/de.wikipedia.org\/wiki\/Munster_(Haut-Rhin)\" target=\"_blank\" rel=\"noopener\">M\u00fcnster<\/a> (franz\u00f6sisch: Munster, els\u00e4ssisch: Menschter). Er wurde w\u00e4hrend der K\u00e4mpfe am <a href=\"https:\/\/de.wikipedia.org\/wiki\/Collet_du_Linge\" target=\"_blank\" rel=\"noopener\">Lingekopf<\/a> (franz\u00f6sisch: Collet du Linge) get\u00f6tet.<\/p>\n<p>Man begrub Johann Herele auf dem Soldatenfriedhof <span data-sheets-root=\"1\"><a class=\"in-cell-link\" href=\"https:\/\/www.google.de\/maps\/place\/Ammerschwihr,+Frankreich\/@48.1167085,7.2318824,13z\/data=!3m1!4b1!4m5!3m4!1s0x479161162b7e2d4f:0x40a5fb99a3940d0!8m2!3d48.1256119!4d7.281956\" target=\"_blank\" rel=\"noopener\">Ammerschwihr<\/a><\/span> in Grab 166.<\/p>\n<figure id=\"attachment_3483\" aria-describedby=\"caption-attachment-3483\" style=\"width: 483px\" class=\"wp-caption aligncenter\"><img loading=\"lazy\" decoding=\"async\" class=\"size-full wp-image-3483\" src=\"http:\/\/soldatenschicksale.de\/wp-content\/uploads\/2025\/01\/Johann-Herele.jpg\" alt=\"\" width=\"483\" height=\"800\" srcset=\"http:\/\/soldatenschicksale.de\/wp-content\/uploads\/2025\/01\/Johann-Herele.jpg 483w, http:\/\/soldatenschicksale.de\/wp-content\/uploads\/2025\/01\/Johann-Herele-181x300.jpg 181w\" sizes=\"auto, (max-width: 483px) 85vw, 483px\" \/><figcaption id=\"caption-attachment-3483\" class=\"wp-caption-text\">Das Grab von Johann Herele auf dem Soldatenfriedhof Johann Herele<\/figcaption><\/figure>\n","protected":false},"excerpt":{"rendered":"<p>Der Soldat Johann Herele stammte aus Oberrammingen, einem Ortsteil der bayerischen Gemeinde Rammingen. Im Ersten Weltkrieg k\u00e4mpfte er als Unteroffizier in der 3. Kompanie des 2. bayerischen Landwehr-Infanterie-Regiments. Am 18.07.1916 fiel er w\u00e4hrend der K\u00e4mpfe in den Vogesen n\u00f6rdlich der Stadt M\u00fcnster (franz\u00f6sisch: Munster, els\u00e4ssisch: Menschter). Er wurde w\u00e4hrend der K\u00e4mpfe am Lingekopf (franz\u00f6sisch: Collet &hellip; <a href=\"http:\/\/soldatenschicksale.de\/?p=4591\" class=\"more-link\"><span class=\"screen-reader-text\">\u201eSoldatenschicksale des 1. Weltkrieges Teil 274: Johann Herele\u201c <\/span>weiterlesen<\/a><\/p>\n","protected":false},"author":2,"featured_media":0,"comment_status":"closed","ping_status":"open","sticky":false,"template":"","format":"standard","meta":{"footnotes":"","_wp_rev_ctl_limit":""},"categories":[1007,76,988,468,75],"tags":[1506,1479,21,1558,303,78,990,1498,1762,1763,100,306,239],"class_list":["post-4591","post","type-post","status-publish","format-standard","hentry","category-1-weltkrieg","category-frankreich","category-grand-est","category-vogesen-elsass","category-westfront","tag-2-bayerisches-landwehr-infanterie-regiment","tag-ammerschwihr","tag-bayern","tag-collet-du-linge","tag-elsass","tag-frankreich","tag-grand-est","tag-lingekopf","tag-oberrammingen","tag-rammingen","tag-unteroffizier","tag-vogesen","tag-westfront"],"_links":{"self":[{"href":"http:\/\/soldatenschicksale.de\/index.php?rest_route=\/wp\/v2\/posts\/4591","targetHints":{"allow":["GET"]}}],"collection":[{"href":"http:\/\/soldatenschicksale.de\/index.php?rest_route=\/wp\/v2\/posts"}],"about":[{"href":"http:\/\/soldatenschicksale.de\/index.php?rest_route=\/wp\/v2\/types\/post"}],"author":[{"embeddable":true,"href":"http:\/\/soldatenschicksale.de\/index.php?rest_route=\/wp\/v2\/users\/2"}],"replies":[{"embeddable":true,"href":"http:\/\/soldatenschicksale.de\/index.php?rest_route=%2Fwp%2Fv2%2Fcomments&post=4591"}],"version-history":[{"count":3,"href":"http:\/\/soldatenschicksale.de\/index.php?rest_route=\/wp\/v2\/posts\/4591\/revisions"}],"predecessor-version":[{"id":4597,"href":"http:\/\/soldatenschicksale.de\/index.php?rest_route=\/wp\/v2\/posts\/4591\/revisions\/4597"}],"wp:attachment":[{"href":"http:\/\/soldatenschicksale.de\/index.php?rest_route=%2Fwp%2Fv2%2Fmedia&parent=4591"}],"wp:term":[{"taxonomy":"category","embeddable":true,"href":"http:\/\/soldatenschicksale.de\/index.php?rest_route=%2Fwp%2Fv2%2Fcategories&post=4591"},{"taxonomy":"post_tag","embeddable":true,"href":"http:\/\/soldatenschicksale.de\/index.php?rest_route=%2Fwp%2Fv2%2Ftags&post=4591"}],"curies":[{"name":"wp","href":"https:\/\/api.w.org\/{rel}","templated":true}]}}