{"id":4598,"date":"2025-05-24T00:00:42","date_gmt":"2025-05-23T22:00:42","guid":{"rendered":"http:\/\/soldatenschicksale.de\/?p=4598"},"modified":"2025-03-16T18:33:15","modified_gmt":"2025-03-16T17:33:15","slug":"soldatenschicksale-des-1-weltkrieges-teil-275-anton-bichler","status":"publish","type":"post","link":"http:\/\/soldatenschicksale.de\/?p=4598","title":{"rendered":"Soldatenschicksale des 1. Weltkrieges Teil 275: Anton Bichler"},"content":{"rendered":"<p>Der Soldat Anton Bichler stammte aus <a href=\"https:\/\/de.wikipedia.org\/wiki\/Pasing\" target=\"_blank\" rel=\"noopener\">Pasing<\/a>, heute ein Ortsteil der bayerischen Landeshauptstadt <a href=\"https:\/\/de.wikipedia.org\/wiki\/M%C3%BCnchen\" target=\"_blank\" rel=\"noopener\">M\u00fcnchen<\/a>. Im Ersten Weltkrieg k\u00e4mpfte er als Landsturmmann in der 3. Kompanie des 2. bayerischen Landwehr-Infanterie-Regiments. Am 17.07.1916 fiel er w\u00e4hrend der K\u00e4mpfe n\u00f6rdlich der Stadt <a href=\"https:\/\/de.wikipedia.org\/wiki\/Munster_(Haut-Rhin)\" target=\"_blank\" rel=\"noopener\">M\u00fcnster<\/a> (franz\u00f6sisch: Munster, els\u00e4ssisch: Menschter). Er fiel w\u00e4hrend der Stellungsk\u00e4mpfe am <a href=\"https:\/\/de.wikipedia.org\/wiki\/Munster_(Haut-Rhin)\" target=\"_blank\" rel=\"noopener\">Lingekopf<\/a>, <a href=\"https:\/\/maps.app.goo.gl\/jD8WxEdDGmmVSRwWA\" target=\"_blank\" rel=\"noopener\">Schratzm\u00e4nnele<\/a> und <a href=\"https:\/\/maps.app.goo.gl\/VEc94DK7AvtrPyvC8\" target=\"_blank\" rel=\"noopener\">Barrenkopf<\/a>.<\/p>\n<p>Man begrub Anton Bichler auf dem Soldatenfriedhof <span data-sheets-root=\"1\"><a class=\"in-cell-link\" href=\"https:\/\/www.google.de\/maps\/place\/Ammerschwihr,+Frankreich\/@48.1167085,7.2318824,13z\/data=!3m1!4b1!4m5!3m4!1s0x479161162b7e2d4f:0x40a5fb99a3940d0!8m2!3d48.1256119!4d7.281956\" target=\"_blank\" rel=\"noopener\">Ammerschwihr<\/a><\/span> in Grab 167.<\/p>\n<figure id=\"attachment_3482\" aria-describedby=\"caption-attachment-3482\" style=\"width: 411px\" class=\"wp-caption aligncenter\"><img loading=\"lazy\" decoding=\"async\" class=\"size-full wp-image-3482\" src=\"http:\/\/soldatenschicksale.de\/wp-content\/uploads\/2025\/01\/Anton-Bichler.jpg\" alt=\"\" width=\"411\" height=\"800\" srcset=\"http:\/\/soldatenschicksale.de\/wp-content\/uploads\/2025\/01\/Anton-Bichler.jpg 411w, http:\/\/soldatenschicksale.de\/wp-content\/uploads\/2025\/01\/Anton-Bichler-154x300.jpg 154w\" sizes=\"auto, (max-width: 411px) 85vw, 411px\" \/><figcaption id=\"caption-attachment-3482\" class=\"wp-caption-text\">Das Grab von Anton Bichler auf dem Soldatenfriedhof Ammerschwihr<\/figcaption><\/figure>\n","protected":false},"excerpt":{"rendered":"<p>Der Soldat Anton Bichler stammte aus Pasing, heute ein Ortsteil der bayerischen Landeshauptstadt M\u00fcnchen. Im Ersten Weltkrieg k\u00e4mpfte er als Landsturmmann in der 3. Kompanie des 2. bayerischen Landwehr-Infanterie-Regiments. Am 17.07.1916 fiel er w\u00e4hrend der K\u00e4mpfe n\u00f6rdlich der Stadt M\u00fcnster (franz\u00f6sisch: Munster, els\u00e4ssisch: Menschter). Er fiel w\u00e4hrend der Stellungsk\u00e4mpfe am Lingekopf, Schratzm\u00e4nnele und Barrenkopf. Man &hellip; <a href=\"http:\/\/soldatenschicksale.de\/?p=4598\" class=\"more-link\"><span class=\"screen-reader-text\">\u201eSoldatenschicksale des 1. Weltkrieges Teil 275: Anton Bichler\u201c <\/span>weiterlesen<\/a><\/p>\n","protected":false},"author":2,"featured_media":0,"comment_status":"closed","ping_status":"open","sticky":false,"template":"","format":"standard","meta":{"footnotes":"","_wp_rev_ctl_limit":""},"categories":[1007,76,988,468,75],"tags":[1506,1479,1663,21,1558,303,78,990,1006,1094,1498,1526,227,1486,1765,1764,1487,1670,306,239],"class_list":["post-4598","post","type-post","status-publish","format-standard","hentry","category-1-weltkrieg","category-frankreich","category-grand-est","category-vogesen-elsass","category-westfront","tag-2-bayerisches-landwehr-infanterie-regiment","tag-ammerschwihr","tag-barrenkopf","tag-bayern","tag-collet-du-linge","tag-elsass","tag-frankreich","tag-grand-est","tag-landeshauptstadt","tag-landsturmmann","tag-lingekopf","tag-menschter","tag-muenchen","tag-muenster","tag-oberbayern","tag-pasing","tag-schratzmaennele","tag-schratzmaennle","tag-vogesen","tag-westfront"],"_links":{"self":[{"href":"http:\/\/soldatenschicksale.de\/index.php?rest_route=\/wp\/v2\/posts\/4598","targetHints":{"allow":["GET"]}}],"collection":[{"href":"http:\/\/soldatenschicksale.de\/index.php?rest_route=\/wp\/v2\/posts"}],"about":[{"href":"http:\/\/soldatenschicksale.de\/index.php?rest_route=\/wp\/v2\/types\/post"}],"author":[{"embeddable":true,"href":"http:\/\/soldatenschicksale.de\/index.php?rest_route=\/wp\/v2\/users\/2"}],"replies":[{"embeddable":true,"href":"http:\/\/soldatenschicksale.de\/index.php?rest_route=%2Fwp%2Fv2%2Fcomments&post=4598"}],"version-history":[{"count":3,"href":"http:\/\/soldatenschicksale.de\/index.php?rest_route=\/wp\/v2\/posts\/4598\/revisions"}],"predecessor-version":[{"id":4600,"href":"http:\/\/soldatenschicksale.de\/index.php?rest_route=\/wp\/v2\/posts\/4598\/revisions\/4600"}],"wp:attachment":[{"href":"http:\/\/soldatenschicksale.de\/index.php?rest_route=%2Fwp%2Fv2%2Fmedia&parent=4598"}],"wp:term":[{"taxonomy":"category","embeddable":true,"href":"http:\/\/soldatenschicksale.de\/index.php?rest_route=%2Fwp%2Fv2%2Fcategories&post=4598"},{"taxonomy":"post_tag","embeddable":true,"href":"http:\/\/soldatenschicksale.de\/index.php?rest_route=%2Fwp%2Fv2%2Ftags&post=4598"}],"curies":[{"name":"wp","href":"https:\/\/api.w.org\/{rel}","templated":true}]}}