{"id":4605,"date":"2025-05-25T00:00:53","date_gmt":"2025-05-24T22:00:53","guid":{"rendered":"http:\/\/soldatenschicksale.de\/?p=4605"},"modified":"2025-03-19T09:15:15","modified_gmt":"2025-03-19T08:15:15","slug":"soldatenschicksale-des-1-weltkrieges-teil-276-alois-lochbrunner","status":"publish","type":"post","link":"http:\/\/soldatenschicksale.de\/?p=4605","title":{"rendered":"Soldatenschicksale des 1. Weltkrieges Teil 276: Alois Lochbrunner"},"content":{"rendered":"<p>Der Soldat Alois Lochbrunner stammte aus <a href=\"https:\/\/de.wikipedia.org\/wiki\/Derndorf_(Kirchheim)\" target=\"_blank\" rel=\"noopener\">Derndorf<\/a>, ein Ortsteil der bayerischen Gemeinde <a href=\"https:\/\/de.wikipedia.org\/wiki\/Kirchheim_in_Schwaben\" target=\"_blank\" rel=\"noopener\">Kirchheim in Schwaben<\/a>. Im Ersten Weltkrieg k\u00e4mpfte er als Landsturmmann in der 3. Kompanie des 2. bayerischen Landwehr-Infanterie-Regiments. Am 17.07.1916 fiel er w\u00e4hrend der K\u00e4mpfe in den Vogesen n\u00f6rdlich der Stadt <a href=\"https:\/\/de.wikipedia.org\/wiki\/Munster_(Haut-Rhin)\" target=\"_blank\" rel=\"noopener\">M\u00fcnster<\/a> (franz\u00f6sisch: Munster, els\u00e4ssisch: Menschter).<\/p>\n<p>Man begrub Alois Lochbrunner auf dem Soldatenfriedhof <span data-sheets-root=\"1\"><a class=\"in-cell-link\" href=\"https:\/\/www.google.de\/maps\/place\/Ammerschwihr,+Frankreich\/@48.1167085,7.2318824,13z\/data=!3m1!4b1!4m5!3m4!1s0x479161162b7e2d4f:0x40a5fb99a3940d0!8m2!3d48.1256119!4d7.281956\" target=\"_blank\" rel=\"noopener\">Ammerschwihr<\/a><\/span> in Grab 168.<\/p>\n<p>In seiner Heimatgemeinde Kirchheim in Schwaben gedenkt man Alois Lochbrunner noch heute auf einem Denkmal: <a href=\"http:\/\/www.denkmalprojekt.org\/2008\/kirchheim_schwaben_wk1u2_bay.htm\" target=\"_blank\" rel=\"noopener\">http:\/\/www.denkmalprojekt.org\/2008\/kirchheim_schwaben_wk1u2_bay.htm<\/a><\/p>\n<figure id=\"attachment_3481\" aria-describedby=\"caption-attachment-3481\" style=\"width: 458px\" class=\"wp-caption aligncenter\"><img loading=\"lazy\" decoding=\"async\" class=\"size-full wp-image-3481\" src=\"http:\/\/soldatenschicksale.de\/wp-content\/uploads\/2025\/01\/Alois-Lochbrunner.jpg\" alt=\"\" width=\"458\" height=\"800\" srcset=\"http:\/\/soldatenschicksale.de\/wp-content\/uploads\/2025\/01\/Alois-Lochbrunner.jpg 458w, http:\/\/soldatenschicksale.de\/wp-content\/uploads\/2025\/01\/Alois-Lochbrunner-172x300.jpg 172w\" sizes=\"auto, (max-width: 458px) 85vw, 458px\" \/><figcaption id=\"caption-attachment-3481\" class=\"wp-caption-text\">Das Grab von Alois Lochbrunner auf dem Soldatenfriedhof Ammerschwihr<\/figcaption><\/figure>\n","protected":false},"excerpt":{"rendered":"<p>Der Soldat Alois Lochbrunner stammte aus Derndorf, ein Ortsteil der bayerischen Gemeinde Kirchheim in Schwaben. Im Ersten Weltkrieg k\u00e4mpfte er als Landsturmmann in der 3. Kompanie des 2. bayerischen Landwehr-Infanterie-Regiments. Am 17.07.1916 fiel er w\u00e4hrend der K\u00e4mpfe in den Vogesen n\u00f6rdlich der Stadt M\u00fcnster (franz\u00f6sisch: Munster, els\u00e4ssisch: Menschter). Man begrub Alois Lochbrunner auf dem Soldatenfriedhof &hellip; <a href=\"http:\/\/soldatenschicksale.de\/?p=4605\" class=\"more-link\"><span class=\"screen-reader-text\">\u201eSoldatenschicksale des 1. Weltkrieges Teil 276: Alois Lochbrunner\u201c <\/span>weiterlesen<\/a><\/p>\n","protected":false},"author":2,"featured_media":0,"comment_status":"closed","ping_status":"open","sticky":false,"template":"","format":"standard","meta":{"footnotes":"","_wp_rev_ctl_limit":""},"categories":[1007,76,988,468,75],"tags":[1506,1479,21,30,1766,303,78,990,1767,1094,1526,1486,306,1496,239],"class_list":["post-4605","post","type-post","status-publish","format-standard","hentry","category-1-weltkrieg","category-frankreich","category-grand-est","category-vogesen-elsass","category-westfront","tag-2-bayerisches-landwehr-infanterie-regiment","tag-ammerschwihr","tag-bayern","tag-denkmal","tag-derndorf","tag-elsass","tag-frankreich","tag-grand-est","tag-kirchheim-in-schwaben","tag-landsturmmann","tag-menschter","tag-muenster","tag-vogesen","tag-vogesenkaempfe","tag-westfront"],"_links":{"self":[{"href":"http:\/\/soldatenschicksale.de\/index.php?rest_route=\/wp\/v2\/posts\/4605","targetHints":{"allow":["GET"]}}],"collection":[{"href":"http:\/\/soldatenschicksale.de\/index.php?rest_route=\/wp\/v2\/posts"}],"about":[{"href":"http:\/\/soldatenschicksale.de\/index.php?rest_route=\/wp\/v2\/types\/post"}],"author":[{"embeddable":true,"href":"http:\/\/soldatenschicksale.de\/index.php?rest_route=\/wp\/v2\/users\/2"}],"replies":[{"embeddable":true,"href":"http:\/\/soldatenschicksale.de\/index.php?rest_route=%2Fwp%2Fv2%2Fcomments&post=4605"}],"version-history":[{"count":3,"href":"http:\/\/soldatenschicksale.de\/index.php?rest_route=\/wp\/v2\/posts\/4605\/revisions"}],"predecessor-version":[{"id":4612,"href":"http:\/\/soldatenschicksale.de\/index.php?rest_route=\/wp\/v2\/posts\/4605\/revisions\/4612"}],"wp:attachment":[{"href":"http:\/\/soldatenschicksale.de\/index.php?rest_route=%2Fwp%2Fv2%2Fmedia&parent=4605"}],"wp:term":[{"taxonomy":"category","embeddable":true,"href":"http:\/\/soldatenschicksale.de\/index.php?rest_route=%2Fwp%2Fv2%2Fcategories&post=4605"},{"taxonomy":"post_tag","embeddable":true,"href":"http:\/\/soldatenschicksale.de\/index.php?rest_route=%2Fwp%2Fv2%2Ftags&post=4605"}],"curies":[{"name":"wp","href":"https:\/\/api.w.org\/{rel}","templated":true}]}}