{"id":4613,"date":"2025-05-26T00:00:53","date_gmt":"2025-05-25T22:00:53","guid":{"rendered":"http:\/\/soldatenschicksale.de\/?p=4613"},"modified":"2025-03-20T14:52:07","modified_gmt":"2025-03-20T13:52:07","slug":"soldatenschicksale-des-1-weltkrieges-teil-277-karl-gildemeister","status":"publish","type":"post","link":"http:\/\/soldatenschicksale.de\/?p=4613","title":{"rendered":"Soldatenschicksale des 1. Weltkrieges Teil 277: Karl Gildemeister"},"content":{"rendered":"<p>Der Soldat Karl Gildemeister (Verlustliste: Carl, Albert) stammte aus der Stadt <a href=\"https:\/\/de.wikipedia.org\/wiki\/Ibbenb%C3%BCren\" target=\"_blank\" rel=\"noopener\">Ibbenb\u00fcren<\/a>. Im Ersten Weltkrieg k\u00e4mpfte er als Unteroffizier in einem Flugabwehr-Kanonen-Zug auf Kraftwagen. Am 21 12.06.1916 fiel er w\u00e4hrend der K\u00e4mpfe in den Vogesen n\u00f6rdlich der Stadt <a href=\"https:\/\/de.wikipedia.org\/wiki\/Munster_(Haut-Rhin)\" target=\"_blank\" rel=\"noopener\">M\u00fcnster<\/a> (franz\u00f6sisch: Munster, els\u00e4ssisch: Menschter).<\/p>\n<p>Man begrub Karl Gildemeister auf dem Soldatenfriedhof <span data-sheets-root=\"1\"><a class=\"in-cell-link\" href=\"https:\/\/www.google.de\/maps\/place\/Ammerschwihr,+Frankreich\/@48.1167085,7.2318824,13z\/data=!3m1!4b1!4m5!3m4!1s0x479161162b7e2d4f:0x40a5fb99a3940d0!8m2!3d48.1256119!4d7.281956\" target=\"_blank\" rel=\"noopener\">Ammerschwihr<\/a><\/span> in Grab 112.<\/p>\n<figure id=\"attachment_3486\" aria-describedby=\"caption-attachment-3486\" style=\"width: 488px\" class=\"wp-caption aligncenter\"><img loading=\"lazy\" decoding=\"async\" class=\"size-full wp-image-3486\" src=\"http:\/\/soldatenschicksale.de\/wp-content\/uploads\/2025\/01\/Karl-Gildemeister.jpg\" alt=\"\" width=\"488\" height=\"800\" srcset=\"http:\/\/soldatenschicksale.de\/wp-content\/uploads\/2025\/01\/Karl-Gildemeister.jpg 488w, http:\/\/soldatenschicksale.de\/wp-content\/uploads\/2025\/01\/Karl-Gildemeister-183x300.jpg 183w\" sizes=\"auto, (max-width: 488px) 85vw, 488px\" \/><figcaption id=\"caption-attachment-3486\" class=\"wp-caption-text\">Das Grab von Karl Gildemeister auf dem Soldatenfriedhof Ammerschwihr<\/figcaption><\/figure>\n","protected":false},"excerpt":{"rendered":"<p>Der Soldat Karl Gildemeister (Verlustliste: Carl, Albert) stammte aus der Stadt Ibbenb\u00fcren. Im Ersten Weltkrieg k\u00e4mpfte er als Unteroffizier in einem Flugabwehr-Kanonen-Zug auf Kraftwagen. Am 21 12.06.1916 fiel er w\u00e4hrend der K\u00e4mpfe in den Vogesen n\u00f6rdlich der Stadt M\u00fcnster (franz\u00f6sisch: Munster, els\u00e4ssisch: Menschter). Man begrub Karl Gildemeister auf dem Soldatenfriedhof Ammerschwihr in Grab 112.<\/p>\n","protected":false},"author":2,"featured_media":0,"comment_status":"closed","ping_status":"open","sticky":false,"template":"","format":"standard","meta":{"footnotes":"","_wp_rev_ctl_limit":""},"categories":[1007,76,988,468,75],"tags":[1479,303,1769,78,990,1768,1526,1486,7,100,306,239],"class_list":["post-4613","post","type-post","status-publish","format-standard","hentry","category-1-weltkrieg","category-frankreich","category-grand-est","category-vogesen-elsass","category-westfront","tag-ammerschwihr","tag-elsass","tag-flugabwehr-kanonen-zug-auf-kraftwagen","tag-frankreich","tag-grand-est","tag-ibbenbueren","tag-menschter","tag-muenster","tag-nordrhein-westfalen","tag-unteroffizier","tag-vogesen","tag-westfront"],"_links":{"self":[{"href":"http:\/\/soldatenschicksale.de\/index.php?rest_route=\/wp\/v2\/posts\/4613","targetHints":{"allow":["GET"]}}],"collection":[{"href":"http:\/\/soldatenschicksale.de\/index.php?rest_route=\/wp\/v2\/posts"}],"about":[{"href":"http:\/\/soldatenschicksale.de\/index.php?rest_route=\/wp\/v2\/types\/post"}],"author":[{"embeddable":true,"href":"http:\/\/soldatenschicksale.de\/index.php?rest_route=\/wp\/v2\/users\/2"}],"replies":[{"embeddable":true,"href":"http:\/\/soldatenschicksale.de\/index.php?rest_route=%2Fwp%2Fv2%2Fcomments&post=4613"}],"version-history":[{"count":3,"href":"http:\/\/soldatenschicksale.de\/index.php?rest_route=\/wp\/v2\/posts\/4613\/revisions"}],"predecessor-version":[{"id":4618,"href":"http:\/\/soldatenschicksale.de\/index.php?rest_route=\/wp\/v2\/posts\/4613\/revisions\/4618"}],"wp:attachment":[{"href":"http:\/\/soldatenschicksale.de\/index.php?rest_route=%2Fwp%2Fv2%2Fmedia&parent=4613"}],"wp:term":[{"taxonomy":"category","embeddable":true,"href":"http:\/\/soldatenschicksale.de\/index.php?rest_route=%2Fwp%2Fv2%2Fcategories&post=4613"},{"taxonomy":"post_tag","embeddable":true,"href":"http:\/\/soldatenschicksale.de\/index.php?rest_route=%2Fwp%2Fv2%2Ftags&post=4613"}],"curies":[{"name":"wp","href":"https:\/\/api.w.org\/{rel}","templated":true}]}}