{"id":4627,"date":"2025-05-28T00:00:45","date_gmt":"2025-05-27T22:00:45","guid":{"rendered":"http:\/\/soldatenschicksale.de\/?p=4627"},"modified":"2025-03-20T17:16:01","modified_gmt":"2025-03-20T16:16:01","slug":"soldatenschicksale-des-1-weltkrieges-teil-279-alwin-goehl","status":"publish","type":"post","link":"http:\/\/soldatenschicksale.de\/?p=4627","title":{"rendered":"Soldatenschicksale des 1. Weltkrieges Teil 279: Alwin G\u00f6hl"},"content":{"rendered":"<p>Der Soldat Alwin G\u00f6hl stammte aus der bayerischen Stadt <a href=\"https:\/\/de.wikipedia.org\/wiki\/Kempten_(Allg%C3%A4u)\" target=\"_blank\" rel=\"noopener\">Kempten<\/a>, Schwaben. Im Ersten Weltkrieg k\u00e4mpfte er als Unteroffizier und Offizier-Aspirant in der 8. Kompanie des 1. bayerischen Landwehr-Infanterie-Regiments. Am 11.11.1916 fiel er bei den K\u00e4mpfen in den Vogesen n\u00f6rdlich der Stadt M\u00fcnster (franz\u00f6sisch: Munster, els\u00e4ssisch: Menschter) am <a href=\"https:\/\/maps.app.goo.gl\/ANgqGvKr3YXno75C7\" target=\"_blank\" rel=\"noopener\">Barrenkopf<\/a>. Er wurde w\u00e4hrend der Stellungsk\u00e4mpfe am Eichenrain-<a href=\"https:\/\/maps.app.goo.gl\/91KsR3NRRsqMJCwU6\" target=\"_blank\" rel=\"noopener\">Schratzm\u00e4nnele<\/a> get\u00f6tet.<\/p>\n<p>Seite 148<\/p>\n<p>Man begrub Alwin G\u00f6hl auf dem Soldatenfriedhof <span data-sheets-root=\"1\"><a class=\"in-cell-link\" href=\"https:\/\/www.google.de\/maps\/place\/Ammerschwihr,+Frankreich\/@48.1167085,7.2318824,13z\/data=!3m1!4b1!4m5!3m4!1s0x479161162b7e2d4f:0x40a5fb99a3940d0!8m2!3d48.1256119!4d7.281956\" target=\"_blank\" rel=\"noopener\">Ammerschwihr<\/a><\/span> in Grab 114.<\/p>\n<p>In seiner Heimatstadt Kempten gedenkt man Alwin G\u00f6hl noch heute auf einem Denkmal: <a href=\"http:\/\/www.denkmalprojekt.org\/dkm_deutschland\/kempten_kath_frdh_wk1_bay.htm\" target=\"_blank\" rel=\"noopener\">http:\/\/www.denkmalprojekt.org\/dkm_deutschland\/kempten_kath_frdh_wk1_bay.htm<\/a><\/p>\n<figure id=\"attachment_3484\" aria-describedby=\"caption-attachment-3484\" style=\"width: 426px\" class=\"wp-caption aligncenter\"><img loading=\"lazy\" decoding=\"async\" class=\"size-full wp-image-3484\" src=\"http:\/\/soldatenschicksale.de\/wp-content\/uploads\/2025\/01\/Alwin-Goehl.jpg\" alt=\"\" width=\"426\" height=\"800\" srcset=\"http:\/\/soldatenschicksale.de\/wp-content\/uploads\/2025\/01\/Alwin-Goehl.jpg 426w, http:\/\/soldatenschicksale.de\/wp-content\/uploads\/2025\/01\/Alwin-Goehl-160x300.jpg 160w\" sizes=\"auto, (max-width: 426px) 85vw, 426px\" \/><figcaption id=\"caption-attachment-3484\" class=\"wp-caption-text\">Das Grab von Alwin G\u00f6hl auf dem Soldatenfriedhof Ammerschwihr<\/figcaption><\/figure>\n","protected":false},"excerpt":{"rendered":"<p>Der Soldat Alwin G\u00f6hl stammte aus der bayerischen Stadt Kempten, Schwaben. Im Ersten Weltkrieg k\u00e4mpfte er als Unteroffizier und Offizier-Aspirant in der 8. Kompanie des 1. bayerischen Landwehr-Infanterie-Regiments. Am 11.11.1916 fiel er bei den K\u00e4mpfen in den Vogesen n\u00f6rdlich der Stadt M\u00fcnster (franz\u00f6sisch: Munster, els\u00e4ssisch: Menschter) am Barrenkopf. Er wurde w\u00e4hrend der Stellungsk\u00e4mpfe am Eichenrain-Schratzm\u00e4nnele &hellip; <a href=\"http:\/\/soldatenschicksale.de\/?p=4627\" class=\"more-link\"><span class=\"screen-reader-text\">\u201eSoldatenschicksale des 1. Weltkrieges Teil 279: Alwin G\u00f6hl\u201c <\/span>weiterlesen<\/a><\/p>\n","protected":false},"author":2,"featured_media":0,"comment_status":"closed","ping_status":"open","sticky":false,"template":"","format":"standard","meta":{"footnotes":"","_wp_rev_ctl_limit":""},"categories":[1007,76,988,468,75],"tags":[1495,1479,1758,1663,21,30,1541,303,78,990,1771,1526,1486,1487,100,306,239],"class_list":["post-4627","post","type-post","status-publish","format-standard","hentry","category-1-weltkrieg","category-frankreich","category-grand-est","category-vogesen-elsass","category-westfront","tag-1-bayerisches-landwehr-infanterie-regiment","tag-ammerschwihr","tag-aoffiziersaspirant","tag-barrenkopf","tag-bayern","tag-denkmal","tag-eichenrain","tag-elsass","tag-frankreich","tag-grand-est","tag-kempten","tag-menschter","tag-muenster","tag-schratzmaennele","tag-unteroffizier","tag-vogesen","tag-westfront"],"_links":{"self":[{"href":"http:\/\/soldatenschicksale.de\/index.php?rest_route=\/wp\/v2\/posts\/4627","targetHints":{"allow":["GET"]}}],"collection":[{"href":"http:\/\/soldatenschicksale.de\/index.php?rest_route=\/wp\/v2\/posts"}],"about":[{"href":"http:\/\/soldatenschicksale.de\/index.php?rest_route=\/wp\/v2\/types\/post"}],"author":[{"embeddable":true,"href":"http:\/\/soldatenschicksale.de\/index.php?rest_route=\/wp\/v2\/users\/2"}],"replies":[{"embeddable":true,"href":"http:\/\/soldatenschicksale.de\/index.php?rest_route=%2Fwp%2Fv2%2Fcomments&post=4627"}],"version-history":[{"count":3,"href":"http:\/\/soldatenschicksale.de\/index.php?rest_route=\/wp\/v2\/posts\/4627\/revisions"}],"predecessor-version":[{"id":4635,"href":"http:\/\/soldatenschicksale.de\/index.php?rest_route=\/wp\/v2\/posts\/4627\/revisions\/4635"}],"wp:attachment":[{"href":"http:\/\/soldatenschicksale.de\/index.php?rest_route=%2Fwp%2Fv2%2Fmedia&parent=4627"}],"wp:term":[{"taxonomy":"category","embeddable":true,"href":"http:\/\/soldatenschicksale.de\/index.php?rest_route=%2Fwp%2Fv2%2Fcategories&post=4627"},{"taxonomy":"post_tag","embeddable":true,"href":"http:\/\/soldatenschicksale.de\/index.php?rest_route=%2Fwp%2Fv2%2Ftags&post=4627"}],"curies":[{"name":"wp","href":"https:\/\/api.w.org\/{rel}","templated":true}]}}