{"id":4687,"date":"2025-06-04T00:00:07","date_gmt":"2025-06-03T22:00:07","guid":{"rendered":"http:\/\/soldatenschicksale.de\/?p=4687"},"modified":"2025-03-24T19:27:30","modified_gmt":"2025-03-24T18:27:30","slug":"soldatenschicksale-des-1-weltkrieges-teil-286-eduard-feil","status":"publish","type":"post","link":"http:\/\/soldatenschicksale.de\/?p=4687","title":{"rendered":"Soldatenschicksale des 1. Weltkrieges Teil 286: Eduard Feil"},"content":{"rendered":"<p>Der Soldat Eduard Feil stammte aus der Stadt <a href=\"https:\/\/de.wikipedia.org\/wiki\/Landau_in_der_Pfalz\" target=\"_blank\" rel=\"noopener\">Landau in der Pfalz<\/a> im heutigen Bundesland Rheinland-Pfalz. Im Ersten Weltkrieg k\u00e4mpfte er als Leutnant der Reserve in der 16. bayerischn Reserve-Pionier-Kompanie und 4. Pionier-Bataillon. Am 20.07.1915 fiel er w\u00e4hrend der K\u00e4mpfe in den Vogesen n\u00f6rdlich der Stadt <a href=\"https:\/\/de.wikipedia.org\/wiki\/Munster_(Haut-Rhin)\" target=\"_blank\" rel=\"noopener\">M\u00fcnster<\/a> (franz\u00f6sisch: Munster, els\u00e4ssisch: Menschter). Er wurde im Alter von 24 Jahren am <a href=\"https:\/\/de.wikipedia.org\/wiki\/Collet_du_Linge\" target=\"_blank\" rel=\"noopener\">Lingekopf<\/a> get\u00f6tet.<\/p>\n<p>Man begrub Eduard Feil auf dem Soldatenfriedhof <span data-sheets-root=\"1\"><a class=\"in-cell-link\" href=\"https:\/\/www.google.de\/maps\/place\/Ammerschwihr,+Frankreich\/@48.1167085,7.2318824,13z\/data=!3m1!4b1!4m5!3m4!1s0x479161162b7e2d4f:0x40a5fb99a3940d0!8m2!3d48.1256119!4d7.281956\" target=\"_blank\" rel=\"noopener\">Ammerschwihr<\/a><\/span> in Grab <span data-sheets-root=\"1\">Grab 119.<\/span><\/p>\n<p>In seiner Heimatstadt Landau in der Pfalz gedenkt man Eduard Feil noch heute auf einem Denkmal: <a href=\"http:\/\/www.denkmalprojekt.org\/2017\/nussdorf_stadt-landau-in-der-pfalz_wk1_wk2_rp.html\" target=\"_blank\" rel=\"noopener\">http:\/\/www.denkmalprojekt.org\/2017\/nussdorf_stadt-landau-in-der-pfalz_wk1_wk2_rp.html<\/a><\/p>\n<figure id=\"attachment_3498\" aria-describedby=\"caption-attachment-3498\" style=\"width: 421px\" class=\"wp-caption aligncenter\"><img loading=\"lazy\" decoding=\"async\" class=\"size-full wp-image-3498\" src=\"http:\/\/soldatenschicksale.de\/wp-content\/uploads\/2025\/01\/Eduard-Feil.jpg\" alt=\"\" width=\"421\" height=\"800\" srcset=\"http:\/\/soldatenschicksale.de\/wp-content\/uploads\/2025\/01\/Eduard-Feil.jpg 421w, http:\/\/soldatenschicksale.de\/wp-content\/uploads\/2025\/01\/Eduard-Feil-158x300.jpg 158w\" sizes=\"auto, (max-width: 421px) 85vw, 421px\" \/><figcaption id=\"caption-attachment-3498\" class=\"wp-caption-text\">Das Grab von Eduard Feil auf dem Soldatenfriedhof Ammerschwihr<\/figcaption><\/figure>\n","protected":false},"excerpt":{"rendered":"<p>Der Soldat Eduard Feil stammte aus der Stadt Landau in der Pfalz im heutigen Bundesland Rheinland-Pfalz. Im Ersten Weltkrieg k\u00e4mpfte er als Leutnant der Reserve in der 16. bayerischn Reserve-Pionier-Kompanie und 4. Pionier-Bataillon. Am 20.07.1915 fiel er w\u00e4hrend der K\u00e4mpfe in den Vogesen n\u00f6rdlich der Stadt M\u00fcnster (franz\u00f6sisch: Munster, els\u00e4ssisch: Menschter). Er wurde im Alter &hellip; <a href=\"http:\/\/soldatenschicksale.de\/?p=4687\" class=\"more-link\"><span class=\"screen-reader-text\">\u201eSoldatenschicksale des 1. Weltkrieges Teil 286: Eduard Feil\u201c <\/span>weiterlesen<\/a><\/p>\n","protected":false},"author":2,"featured_media":0,"comment_status":"closed","ping_status":"open","sticky":false,"template":"","format":"standard","meta":{"footnotes":"","_wp_rev_ctl_limit":""},"categories":[1007,76,988,468,75],"tags":[1512,1784,1479,1558,30,303,78,990,1783,1785,1498,1526,1486,351,306,239],"class_list":["post-4687","post","type-post","status-publish","format-standard","hentry","category-1-weltkrieg","category-frankreich","category-grand-est","category-vogesen-elsass","category-westfront","tag-16-bayerische-pionier-kompanie","tag-4-pionier-bataillon","tag-ammerschwihr","tag-collet-du-linge","tag-denkmal","tag-elsass","tag-frankreich","tag-grand-est","tag-landau","tag-landau-in-der-pfalz","tag-lingekopf","tag-menschter","tag-muenster","tag-rheinland-pfalz","tag-vogesen","tag-westfront"],"_links":{"self":[{"href":"http:\/\/soldatenschicksale.de\/index.php?rest_route=\/wp\/v2\/posts\/4687","targetHints":{"allow":["GET"]}}],"collection":[{"href":"http:\/\/soldatenschicksale.de\/index.php?rest_route=\/wp\/v2\/posts"}],"about":[{"href":"http:\/\/soldatenschicksale.de\/index.php?rest_route=\/wp\/v2\/types\/post"}],"author":[{"embeddable":true,"href":"http:\/\/soldatenschicksale.de\/index.php?rest_route=\/wp\/v2\/users\/2"}],"replies":[{"embeddable":true,"href":"http:\/\/soldatenschicksale.de\/index.php?rest_route=%2Fwp%2Fv2%2Fcomments&post=4687"}],"version-history":[{"count":3,"href":"http:\/\/soldatenschicksale.de\/index.php?rest_route=\/wp\/v2\/posts\/4687\/revisions"}],"predecessor-version":[{"id":4692,"href":"http:\/\/soldatenschicksale.de\/index.php?rest_route=\/wp\/v2\/posts\/4687\/revisions\/4692"}],"wp:attachment":[{"href":"http:\/\/soldatenschicksale.de\/index.php?rest_route=%2Fwp%2Fv2%2Fmedia&parent=4687"}],"wp:term":[{"taxonomy":"category","embeddable":true,"href":"http:\/\/soldatenschicksale.de\/index.php?rest_route=%2Fwp%2Fv2%2Fcategories&post=4687"},{"taxonomy":"post_tag","embeddable":true,"href":"http:\/\/soldatenschicksale.de\/index.php?rest_route=%2Fwp%2Fv2%2Ftags&post=4687"}],"curies":[{"name":"wp","href":"https:\/\/api.w.org\/{rel}","templated":true}]}}