{"id":4728,"date":"2025-06-09T00:00:55","date_gmt":"2025-06-08T22:00:55","guid":{"rendered":"http:\/\/soldatenschicksale.de\/?p=4728"},"modified":"2025-03-28T18:33:56","modified_gmt":"2025-03-28T17:33:56","slug":"soldatenschicksale-des-1-weltkrieges-teil-291-josef-bergbauer","status":"publish","type":"post","link":"http:\/\/soldatenschicksale.de\/?p=4728","title":{"rendered":"Soldatenschicksale des 1. Weltkrieges Teil 291: Josef Bergbauer"},"content":{"rendered":"<p>Der Soldat Josef Bergbauer wurde am 08.12.1882 in der bayerischen Ortschaft Haiderhof geboren, einem Ortsteil der bayerischen Gemeinde <a href=\"https:\/\/de.wikipedia.org\/wiki\/Kollnburg\" target=\"_blank\" rel=\"noopener\">Kollnburg<\/a>. Im Ersten Weltkrieg k\u00e4mpfte er als Landsturmmann in der 2. Kompanie des 2. bayerischen Landwehr-Infanterie-Regiments. Am 31.12.1916 fiel er im Alter von 34 Jahren w\u00e4hrend der K\u00e4mpfe in den Vogesen n\u00f6rdlich der Stadt <a href=\"https:\/\/de.wikipedia.org\/wiki\/Munster_(Haut-Rhin)\" target=\"_blank\" rel=\"noopener\">M\u00fcnster<\/a> (franz\u00f6sisch: Munster, els\u00e4ssisch: Menschter). Er wurde am <a href=\"https:\/\/maps.app.goo.gl\/uQEQsmmXUoVDoseDA\" target=\"_blank\" rel=\"noopener\">Schratzm\u00e4nnele<\/a> get\u00f6tet.<\/p>\n<p>Man begrub Josef Bergbauer auf dem Soldatenfriedhof <span data-sheets-root=\"1\"><a class=\"in-cell-link\" href=\"https:\/\/www.google.de\/maps\/place\/Ammerschwihr,+Frankreich\/@48.1167085,7.2318824,13z\/data=!3m1!4b1!4m5!3m4!1s0x479161162b7e2d4f:0x40a5fb99a3940d0!8m2!3d48.1256119!4d7.281956\" target=\"_blank\" rel=\"noopener\">Ammerschwihr<\/a><\/span> in Grab 128.<\/p>\n<p>Noch heute gedenkt man Josef Bergbauer in der bayerischen Gemeinde <a href=\"https:\/\/de.wikipedia.org\/wiki\/Patersdorf\" target=\"_blank\" rel=\"noopener\">Patersdorf<\/a> auf einem Denkmal: <a href=\"http:\/\/www.denkmalprojekt.org\/2015\/patersdorf_lk-regen_wk1_wk2_bay.html\" target=\"_blank\" rel=\"noopener\">http:\/\/www.denkmalprojekt.org\/2015\/patersdorf_lk-regen_wk1_wk2_bay.html<\/a><\/p>\n<figure id=\"attachment_3503\" aria-describedby=\"caption-attachment-3503\" style=\"width: 504px\" class=\"wp-caption aligncenter\"><img loading=\"lazy\" decoding=\"async\" class=\"size-full wp-image-3503\" src=\"http:\/\/soldatenschicksale.de\/wp-content\/uploads\/2025\/01\/Josef-Bergbauer.jpg\" alt=\"\" width=\"504\" height=\"800\" srcset=\"http:\/\/soldatenschicksale.de\/wp-content\/uploads\/2025\/01\/Josef-Bergbauer.jpg 504w, http:\/\/soldatenschicksale.de\/wp-content\/uploads\/2025\/01\/Josef-Bergbauer-189x300.jpg 189w\" sizes=\"auto, (max-width: 504px) 85vw, 504px\" \/><figcaption id=\"caption-attachment-3503\" class=\"wp-caption-text\">Das Grab von Josef Bergbauer auf dem Soldatenfriedhof Ammerschwihr<\/figcaption><\/figure>\n","protected":false},"excerpt":{"rendered":"<p>Der Soldat Josef Bergbauer wurde am 08.12.1882 in der bayerischen Ortschaft Haiderhof geboren, einem Ortsteil der bayerischen Gemeinde Kollnburg. Im Ersten Weltkrieg k\u00e4mpfte er als Landsturmmann in der 2. Kompanie des 2. bayerischen Landwehr-Infanterie-Regiments. Am 31.12.1916 fiel er im Alter von 34 Jahren w\u00e4hrend der K\u00e4mpfe in den Vogesen n\u00f6rdlich der Stadt M\u00fcnster (franz\u00f6sisch: Munster, &hellip; <a href=\"http:\/\/soldatenschicksale.de\/?p=4728\" class=\"more-link\"><span class=\"screen-reader-text\">\u201eSoldatenschicksale des 1. Weltkrieges Teil 291: Josef Bergbauer\u201c <\/span>weiterlesen<\/a><\/p>\n","protected":false},"author":2,"featured_media":0,"comment_status":"closed","ping_status":"open","sticky":false,"template":"","format":"standard","meta":{"footnotes":"","_wp_rev_ctl_limit":""},"categories":[1007,76,988,468,75],"tags":[1506,1479,21,30,303,78,990,1794,1773,1094,1526,1486,1487,1670,306,239],"class_list":["post-4728","post","type-post","status-publish","format-standard","hentry","category-1-weltkrieg","category-frankreich","category-grand-est","category-vogesen-elsass","category-westfront","tag-2-bayerisches-landwehr-infanterie-regiment","tag-ammerschwihr","tag-bayern","tag-denkmal","tag-elsass","tag-frankreich","tag-grand-est","tag-haiderhof","tag-kollnburg","tag-landsturmmann","tag-menschter","tag-muenster","tag-schratzmaennele","tag-schratzmaennle","tag-vogesen","tag-westfront"],"_links":{"self":[{"href":"http:\/\/soldatenschicksale.de\/index.php?rest_route=\/wp\/v2\/posts\/4728","targetHints":{"allow":["GET"]}}],"collection":[{"href":"http:\/\/soldatenschicksale.de\/index.php?rest_route=\/wp\/v2\/posts"}],"about":[{"href":"http:\/\/soldatenschicksale.de\/index.php?rest_route=\/wp\/v2\/types\/post"}],"author":[{"embeddable":true,"href":"http:\/\/soldatenschicksale.de\/index.php?rest_route=\/wp\/v2\/users\/2"}],"replies":[{"embeddable":true,"href":"http:\/\/soldatenschicksale.de\/index.php?rest_route=%2Fwp%2Fv2%2Fcomments&post=4728"}],"version-history":[{"count":3,"href":"http:\/\/soldatenschicksale.de\/index.php?rest_route=\/wp\/v2\/posts\/4728\/revisions"}],"predecessor-version":[{"id":4735,"href":"http:\/\/soldatenschicksale.de\/index.php?rest_route=\/wp\/v2\/posts\/4728\/revisions\/4735"}],"wp:attachment":[{"href":"http:\/\/soldatenschicksale.de\/index.php?rest_route=%2Fwp%2Fv2%2Fmedia&parent=4728"}],"wp:term":[{"taxonomy":"category","embeddable":true,"href":"http:\/\/soldatenschicksale.de\/index.php?rest_route=%2Fwp%2Fv2%2Fcategories&post=4728"},{"taxonomy":"post_tag","embeddable":true,"href":"http:\/\/soldatenschicksale.de\/index.php?rest_route=%2Fwp%2Fv2%2Ftags&post=4728"}],"curies":[{"name":"wp","href":"https:\/\/api.w.org\/{rel}","templated":true}]}}