{"id":4790,"date":"2025-06-17T00:00:47","date_gmt":"2025-06-16T22:00:47","guid":{"rendered":"http:\/\/soldatenschicksale.de\/?p=4790"},"modified":"2025-04-04T09:36:10","modified_gmt":"2025-04-04T07:36:10","slug":"soldatenschicksale-des-1-weltkrieges-teil-299-hermann-albrecht","status":"publish","type":"post","link":"http:\/\/soldatenschicksale.de\/?p=4790","title":{"rendered":"Soldatenschicksale des 1. Weltkrieges Teil 299: Hermann Albrecht"},"content":{"rendered":"<p>Der Soldat Hermann Albrecht wurde am 12.09.1887 in der bayerischen Gemeinde <a href=\"https:\/\/de.wikipedia.org\/wiki\/Altusried\" target=\"_blank\" rel=\"noopener\">Altusried<\/a> geboren. Im Ersten Weltkrieg k\u00e4mpfte er als Leutnant in der 9. Kompanie des 3. bayerischen Landwehr-Infanterie-Regiments. Am 27.07.1915 verstarb er am Verbandsplatz <a href=\"https:\/\/de.wikipedia.org\/wiki\/Trois-%C3%89pis\" target=\"_blank\" rel=\"noopener\">Drei \u00c4hren<\/a> (franz\u00f6sisch: Trois-\u00c9pis), nachdem er zuvor am 26.07.1915 am <a href=\"https:\/\/de.wikipedia.org\/wiki\/Collet_du_Linge\" target=\"_blank\" rel=\"noopener\">Lingekopf<\/a> in den Vogesen n\u00f6rdlich der Stadt <a href=\"https:\/\/de.wikipedia.org\/wiki\/Munster_(Haut-Rhin)\" target=\"_blank\" rel=\"noopener\">M\u00fcnster<\/a> (franz\u00f6sisch: Munster, els\u00e4ssisch: Menschter) schwer verwundet worden war. Hermann Albrecht wurde 27 Jahre alt.<\/p>\n<p>Man begrub Hermann Albrecht auf dem Soldatenfriedhof <span data-sheets-root=\"1\"><a class=\"in-cell-link\" href=\"https:\/\/www.google.de\/maps\/place\/Ammerschwihr,+Frankreich\/@48.1167085,7.2318824,13z\/data=!3m1!4b1!4m5!3m4!1s0x479161162b7e2d4f:0x40a5fb99a3940d0!8m2!3d48.1256119!4d7.281956\" target=\"_blank\" rel=\"noopener\">Ammerschwihr<\/a><\/span> in <span data-sheets-root=\"1\">Grab 120.<\/span><\/p>\n<figure id=\"attachment_3510\" aria-describedby=\"caption-attachment-3510\" style=\"width: 414px\" class=\"wp-caption aligncenter\"><img loading=\"lazy\" decoding=\"async\" class=\"size-full wp-image-3510\" src=\"http:\/\/soldatenschicksale.de\/wp-content\/uploads\/2025\/01\/Hermann-Albrecht.jpg\" alt=\"\" width=\"414\" height=\"800\" srcset=\"http:\/\/soldatenschicksale.de\/wp-content\/uploads\/2025\/01\/Hermann-Albrecht.jpg 414w, http:\/\/soldatenschicksale.de\/wp-content\/uploads\/2025\/01\/Hermann-Albrecht-155x300.jpg 155w\" sizes=\"auto, (max-width: 414px) 85vw, 414px\" \/><figcaption id=\"caption-attachment-3510\" class=\"wp-caption-text\">Das Grab von Hermann Albrecht auf dem Soldatenfriedhof Ammerschwihr<\/figcaption><\/figure>\n","protected":false},"excerpt":{"rendered":"<p>Der Soldat Hermann Albrecht wurde am 12.09.1887 in der bayerischen Gemeinde Altusried geboren. Im Ersten Weltkrieg k\u00e4mpfte er als Leutnant in der 9. Kompanie des 3. bayerischen Landwehr-Infanterie-Regiments. Am 27.07.1915 verstarb er am Verbandsplatz Drei \u00c4hren (franz\u00f6sisch: Trois-\u00c9pis), nachdem er zuvor am 26.07.1915 am Lingekopf in den Vogesen n\u00f6rdlich der Stadt M\u00fcnster (franz\u00f6sisch: Munster, els\u00e4ssisch: &hellip; <a href=\"http:\/\/soldatenschicksale.de\/?p=4790\" class=\"more-link\"><span class=\"screen-reader-text\">\u201eSoldatenschicksale des 1. Weltkrieges Teil 299: Hermann Albrecht\u201c <\/span>weiterlesen<\/a><\/p>\n","protected":false},"author":2,"featured_media":0,"comment_status":"closed","ping_status":"open","sticky":false,"template":"","format":"standard","meta":{"footnotes":"","_wp_rev_ctl_limit":""},"categories":[1007,76,988,468,75],"tags":[1530,311,1479,1558,1480,303,78,990,1000,1498,1526,1486,355,1481,306,239],"class_list":["post-4790","post","type-post","status-publish","format-standard","hentry","category-1-weltkrieg","category-frankreich","category-grand-est","category-vogesen-elsass","category-westfront","tag-3-bayerisches-landwehr-infanterie-regiment","tag-altusried","tag-ammerschwihr","tag-collet-du-linge","tag-drei-aehren","tag-elsass","tag-frankreich","tag-grand-est","tag-leutnant","tag-lingekopf","tag-menschter","tag-muenster","tag-schwer-verwundet","tag-trois-epis","tag-vogesen","tag-westfront"],"_links":{"self":[{"href":"http:\/\/soldatenschicksale.de\/index.php?rest_route=\/wp\/v2\/posts\/4790","targetHints":{"allow":["GET"]}}],"collection":[{"href":"http:\/\/soldatenschicksale.de\/index.php?rest_route=\/wp\/v2\/posts"}],"about":[{"href":"http:\/\/soldatenschicksale.de\/index.php?rest_route=\/wp\/v2\/types\/post"}],"author":[{"embeddable":true,"href":"http:\/\/soldatenschicksale.de\/index.php?rest_route=\/wp\/v2\/users\/2"}],"replies":[{"embeddable":true,"href":"http:\/\/soldatenschicksale.de\/index.php?rest_route=%2Fwp%2Fv2%2Fcomments&post=4790"}],"version-history":[{"count":3,"href":"http:\/\/soldatenschicksale.de\/index.php?rest_route=\/wp\/v2\/posts\/4790\/revisions"}],"predecessor-version":[{"id":4796,"href":"http:\/\/soldatenschicksale.de\/index.php?rest_route=\/wp\/v2\/posts\/4790\/revisions\/4796"}],"wp:attachment":[{"href":"http:\/\/soldatenschicksale.de\/index.php?rest_route=%2Fwp%2Fv2%2Fmedia&parent=4790"}],"wp:term":[{"taxonomy":"category","embeddable":true,"href":"http:\/\/soldatenschicksale.de\/index.php?rest_route=%2Fwp%2Fv2%2Fcategories&post=4790"},{"taxonomy":"post_tag","embeddable":true,"href":"http:\/\/soldatenschicksale.de\/index.php?rest_route=%2Fwp%2Fv2%2Ftags&post=4790"}],"curies":[{"name":"wp","href":"https:\/\/api.w.org\/{rel}","templated":true}]}}