{"id":4875,"date":"2025-06-28T00:00:49","date_gmt":"2025-06-27T22:00:49","guid":{"rendered":"http:\/\/soldatenschicksale.de\/?p=4875"},"modified":"2025-04-13T19:42:11","modified_gmt":"2025-04-13T17:42:11","slug":"soldatenschicksale-des-1-weltkrieges-teil-310-georg-krauss","status":"publish","type":"post","link":"http:\/\/soldatenschicksale.de\/?p=4875","title":{"rendered":"Soldatenschicksale des 1. Weltkrieges Teil 310: Georg Krauss"},"content":{"rendered":"<p>Der Soldat Georg Krauss stammte aus der bayerischen Stadt <a href=\"https:\/\/de.wikipedia.org\/wiki\/F%C3%BCrth\" target=\"_blank\" rel=\"noopener\">F\u00fcrth<\/a>. Er k\u00e4mpfte im Ersten Weltkrieg als Kavallerie-Sch\u00fctze in der 3. Eskadron des 5. bayerischen Reserve-Kavallerie-Regiments. Am 12.03.1917 fiel er w\u00e4hrend der K\u00e4mpfe in den Vogesen n\u00f6rdlich der Stadt <a href=\"https:\/\/de.wikipedia.org\/wiki\/Munster_(Haut-Rhin)\" target=\"_blank\" rel=\"noopener\">M\u00fcnster<\/a> (franz\u00f6sisch: Munster, els\u00e4ssisch: Menschter) am Eichenrain.<\/p>\n<p>Man begrub Georg Krauss auf dem Soldatenfriedhof <span data-sheets-root=\"1\"><a class=\"in-cell-link\" href=\"https:\/\/www.google.de\/maps\/place\/Ammerschwihr,+Frankreich\/@48.1167085,7.2318824,13z\/data=!3m1!4b1!4m5!3m4!1s0x479161162b7e2d4f:0x40a5fb99a3940d0!8m2!3d48.1256119!4d7.281956\" target=\"_blank\" rel=\"noopener\">Ammerschwihr<\/a><\/span> in Grab 240.<\/p>\n<figure id=\"attachment_3533\" aria-describedby=\"caption-attachment-3533\" style=\"width: 448px\" class=\"wp-caption aligncenter\"><img loading=\"lazy\" decoding=\"async\" class=\"size-full wp-image-3533\" src=\"http:\/\/soldatenschicksale.de\/wp-content\/uploads\/2025\/01\/Georg-Krauss.jpg\" alt=\"\" width=\"448\" height=\"800\" srcset=\"http:\/\/soldatenschicksale.de\/wp-content\/uploads\/2025\/01\/Georg-Krauss.jpg 448w, http:\/\/soldatenschicksale.de\/wp-content\/uploads\/2025\/01\/Georg-Krauss-168x300.jpg 168w\" sizes=\"auto, (max-width: 448px) 85vw, 448px\" \/><figcaption id=\"caption-attachment-3533\" class=\"wp-caption-text\">Das Grab von Georg Krauss auf dem Soldatenfriedhof Ammerschwihr<\/figcaption><\/figure>\n","protected":false},"excerpt":{"rendered":"<p>Der Soldat Georg Krauss stammte aus der bayerischen Stadt F\u00fcrth. Er k\u00e4mpfte im Ersten Weltkrieg als Kavallerie-Sch\u00fctze in der 3. Eskadron des 5. bayerischen Reserve-Kavallerie-Regiments. Am 12.03.1917 fiel er w\u00e4hrend der K\u00e4mpfe in den Vogesen n\u00f6rdlich der Stadt M\u00fcnster (franz\u00f6sisch: Munster, els\u00e4ssisch: Menschter) am Eichenrain. Man begrub Georg Krauss auf dem Soldatenfriedhof Ammerschwihr in Grab &hellip; <a href=\"http:\/\/soldatenschicksale.de\/?p=4875\" class=\"more-link\"><span class=\"screen-reader-text\">\u201eSoldatenschicksale des 1. Weltkrieges Teil 310: Georg Krauss\u201c <\/span>weiterlesen<\/a><\/p>\n","protected":false},"author":2,"featured_media":0,"comment_status":"closed","ping_status":"open","sticky":false,"template":"","format":"standard","meta":{"footnotes":"","_wp_rev_ctl_limit":""},"categories":[1007,76,988,468,75],"tags":[1824,1479,21,303,78,1825,990,1823,1526,1486,184,306,239],"class_list":["post-4875","post","type-post","status-publish","format-standard","hentry","category-1-weltkrieg","category-frankreich","category-grand-est","category-vogesen-elsass","category-westfront","tag-5-bayerisches-reserve-kavallerie-regiment","tag-ammerschwihr","tag-bayern","tag-elsass","tag-frankreich","tag-fuerth","tag-grand-est","tag-kavallerie-schuetze","tag-menschter","tag-muenster","tag-schuetze","tag-vogesen","tag-westfront"],"_links":{"self":[{"href":"http:\/\/soldatenschicksale.de\/index.php?rest_route=\/wp\/v2\/posts\/4875","targetHints":{"allow":["GET"]}}],"collection":[{"href":"http:\/\/soldatenschicksale.de\/index.php?rest_route=\/wp\/v2\/posts"}],"about":[{"href":"http:\/\/soldatenschicksale.de\/index.php?rest_route=\/wp\/v2\/types\/post"}],"author":[{"embeddable":true,"href":"http:\/\/soldatenschicksale.de\/index.php?rest_route=\/wp\/v2\/users\/2"}],"replies":[{"embeddable":true,"href":"http:\/\/soldatenschicksale.de\/index.php?rest_route=%2Fwp%2Fv2%2Fcomments&post=4875"}],"version-history":[{"count":3,"href":"http:\/\/soldatenschicksale.de\/index.php?rest_route=\/wp\/v2\/posts\/4875\/revisions"}],"predecessor-version":[{"id":4881,"href":"http:\/\/soldatenschicksale.de\/index.php?rest_route=\/wp\/v2\/posts\/4875\/revisions\/4881"}],"wp:attachment":[{"href":"http:\/\/soldatenschicksale.de\/index.php?rest_route=%2Fwp%2Fv2%2Fmedia&parent=4875"}],"wp:term":[{"taxonomy":"category","embeddable":true,"href":"http:\/\/soldatenschicksale.de\/index.php?rest_route=%2Fwp%2Fv2%2Fcategories&post=4875"},{"taxonomy":"post_tag","embeddable":true,"href":"http:\/\/soldatenschicksale.de\/index.php?rest_route=%2Fwp%2Fv2%2Ftags&post=4875"}],"curies":[{"name":"wp","href":"https:\/\/api.w.org\/{rel}","templated":true}]}}