{"id":4882,"date":"2025-06-29T00:00:21","date_gmt":"2025-06-28T22:00:21","guid":{"rendered":"http:\/\/soldatenschicksale.de\/?p=4882"},"modified":"2025-04-13T20:04:20","modified_gmt":"2025-04-13T18:04:20","slug":"soldatenschicksale-des-1-weltkrieges-teil-311-josef-schroeck","status":"publish","type":"post","link":"http:\/\/soldatenschicksale.de\/?p=4882","title":{"rendered":"Soldatenschicksale des 1. Weltkrieges Teil 311: Josef Schr\u00f6ck"},"content":{"rendered":"<p>Der Soldat Josef Schr\u00f6ck wurde am 26.03.1877 in der bayerischen Ortschaft Mannschwenden geboren, einem Ortsteil der Gemeinde <a href=\"https:\/\/de.wikipedia.org\/wiki\/Legau\" target=\"_blank\" rel=\"noopener\">Legau<\/a>. Im Ersten Weltkrieg k\u00e4mpfte er als Landsturmmann in der 5. Kompanie des 1. bayerischen Landwehr-Infanterie-Regiments. Am 17.02.1917 fiel er w\u00e4hrend der Vogesenk\u00e4mpfe n\u00f6rdlich der Stadt <a href=\"https:\/\/de.wikipedia.org\/wiki\/Munster_(Haut-Rhin)\" target=\"_blank\" rel=\"noopener\">M\u00fcnster<\/a> (franz\u00f6sisch: Munster, els\u00e4ssisch: Menschter) im Alter von 39 Jahren. Er wurde am <a href=\"https:\/\/maps.app.goo.gl\/wscT9rsiF3FvuUas9\" target=\"_blank\" rel=\"noopener\">Barrenkopf<\/a> get\u00f6tet.<\/p>\n<p>\u00dcber den Todestag und die Todesumst\u00e4nde von Josef Schr\u00f6ck berichtet die Regimentsgeschichte des 1. bayerischen Landwehr-Infanterie-Regiments:<\/p>\n<blockquote><p>&#8222;Am 17. und 18. Februar war dieser Abschnitt von starkem Artillerie- und Minenwerferfeuer heimgesucht, das die Gr\u00e4ben stark besch\u00e4digte, auch einen Unterstand zerst\u00f6rte (ein Toter, ein Schwerverletzter).&#8220;<\/p><\/blockquote>\n<p>Man begrub Josef Schr\u00f6ck auf dem Soldatenfriedhof <span data-sheets-root=\"1\"><a class=\"in-cell-link\" href=\"https:\/\/www.google.de\/maps\/place\/Ammerschwihr,+Frankreich\/@48.1167085,7.2318824,13z\/data=!3m1!4b1!4m5!3m4!1s0x479161162b7e2d4f:0x40a5fb99a3940d0!8m2!3d48.1256119!4d7.281956\" target=\"_blank\" rel=\"noopener\">Ammerschwihr<\/a><\/span> in Grab 241.<\/p>\n<p>In Legau gedenkt man noch heute in einem Gedenkbuch: <a href=\"http:\/\/www.denkmalprojekt.org\/dkm_deutschland\/legau_1805-15_1870-71_wk1u2_bay.htm\" target=\"_blank\" rel=\"noopener\">http:\/\/www.denkmalprojekt.org\/dkm_deutschland\/legau_1805-15_1870-71_wk1u2_bay.htm<\/a><\/p>\n<figure id=\"attachment_3534\" aria-describedby=\"caption-attachment-3534\" style=\"width: 437px\" class=\"wp-caption aligncenter\"><img loading=\"lazy\" decoding=\"async\" class=\"size-full wp-image-3534\" src=\"http:\/\/soldatenschicksale.de\/wp-content\/uploads\/2025\/01\/Josef-Schroeck.jpg\" alt=\"\" width=\"437\" height=\"800\" srcset=\"http:\/\/soldatenschicksale.de\/wp-content\/uploads\/2025\/01\/Josef-Schroeck.jpg 437w, http:\/\/soldatenschicksale.de\/wp-content\/uploads\/2025\/01\/Josef-Schroeck-164x300.jpg 164w\" sizes=\"auto, (max-width: 437px) 85vw, 437px\" \/><figcaption id=\"caption-attachment-3534\" class=\"wp-caption-text\">Das Grab von Josef Schr\u00f6ck auf dem Soldatenfriedhof Ammerschwihr<\/figcaption><\/figure>\n","protected":false},"excerpt":{"rendered":"<p>Der Soldat Josef Schr\u00f6ck wurde am 26.03.1877 in der bayerischen Ortschaft Mannschwenden geboren, einem Ortsteil der Gemeinde Legau. Im Ersten Weltkrieg k\u00e4mpfte er als Landsturmmann in der 5. Kompanie des 1. bayerischen Landwehr-Infanterie-Regiments. Am 17.02.1917 fiel er w\u00e4hrend der Vogesenk\u00e4mpfe n\u00f6rdlich der Stadt M\u00fcnster (franz\u00f6sisch: Munster, els\u00e4ssisch: Menschter) im Alter von 39 Jahren. Er wurde &hellip; <a href=\"http:\/\/soldatenschicksale.de\/?p=4882\" class=\"more-link\"><span class=\"screen-reader-text\">\u201eSoldatenschicksale des 1. Weltkrieges Teil 311: Josef Schr\u00f6ck\u201c <\/span>weiterlesen<\/a><\/p>\n","protected":false},"author":2,"featured_media":0,"comment_status":"closed","ping_status":"open","sticky":false,"template":"","format":"standard","meta":{"footnotes":"","_wp_rev_ctl_limit":""},"categories":[1007,76,988,468,75],"tags":[1495,1479,1663,21,1826,303,78,990,1094,1828,1829,1827,1526,1486,994,306,239],"class_list":["post-4882","post","type-post","status-publish","format-standard","hentry","category-1-weltkrieg","category-frankreich","category-grand-est","category-vogesen-elsass","category-westfront","tag-1-bayerisches-landwehr-infanterie-regiment","tag-ammerschwihr","tag-barrenkopf","tag-bayern","tag-denkmal-gedenkbuch","tag-elsass","tag-frankreich","tag-grand-est","tag-landsturmmann","tag-legau","tag-mannschwenden","tag-manschwenden","tag-menschter","tag-muenster","tag-regimentsgeschichte","tag-vogesen","tag-westfront"],"_links":{"self":[{"href":"http:\/\/soldatenschicksale.de\/index.php?rest_route=\/wp\/v2\/posts\/4882","targetHints":{"allow":["GET"]}}],"collection":[{"href":"http:\/\/soldatenschicksale.de\/index.php?rest_route=\/wp\/v2\/posts"}],"about":[{"href":"http:\/\/soldatenschicksale.de\/index.php?rest_route=\/wp\/v2\/types\/post"}],"author":[{"embeddable":true,"href":"http:\/\/soldatenschicksale.de\/index.php?rest_route=\/wp\/v2\/users\/2"}],"replies":[{"embeddable":true,"href":"http:\/\/soldatenschicksale.de\/index.php?rest_route=%2Fwp%2Fv2%2Fcomments&post=4882"}],"version-history":[{"count":3,"href":"http:\/\/soldatenschicksale.de\/index.php?rest_route=\/wp\/v2\/posts\/4882\/revisions"}],"predecessor-version":[{"id":4887,"href":"http:\/\/soldatenschicksale.de\/index.php?rest_route=\/wp\/v2\/posts\/4882\/revisions\/4887"}],"wp:attachment":[{"href":"http:\/\/soldatenschicksale.de\/index.php?rest_route=%2Fwp%2Fv2%2Fmedia&parent=4882"}],"wp:term":[{"taxonomy":"category","embeddable":true,"href":"http:\/\/soldatenschicksale.de\/index.php?rest_route=%2Fwp%2Fv2%2Fcategories&post=4882"},{"taxonomy":"post_tag","embeddable":true,"href":"http:\/\/soldatenschicksale.de\/index.php?rest_route=%2Fwp%2Fv2%2Ftags&post=4882"}],"curies":[{"name":"wp","href":"https:\/\/api.w.org\/{rel}","templated":true}]}}