{"id":4931,"date":"2025-07-06T00:00:09","date_gmt":"2025-07-05T22:00:09","guid":{"rendered":"http:\/\/soldatenschicksale.de\/?p=4931"},"modified":"2025-04-16T18:55:02","modified_gmt":"2025-04-16T16:55:02","slug":"soldatenschicksale-des-1-weltkrieges-teil-318-georg-ziemlich","status":"publish","type":"post","link":"http:\/\/soldatenschicksale.de\/?p=4931","title":{"rendered":"Soldatenschicksale des 1. Weltkrieges Teil 318: Georg Ziemlich"},"content":{"rendered":"<p>Der Soldat Georg Ziemlich stammte aus <a href=\"https:\/\/de.wikipedia.org\/wiki\/Sulzbach_am_Main\" target=\"_blank\" rel=\"noopener\">Sulzbach am Main<\/a>. Im Ersten Weltkrieg k\u00e4mpfte er als Kanonier. Am 27.04.1918 fiel er w\u00e4hrend der K\u00e4mpfe in den Vogesen n\u00f6rdlich der Stadt <a href=\"https:\/\/de.wikipedia.org\/wiki\/Munster_(Haut-Rhin)\" target=\"_blank\" rel=\"noopener\">M\u00fcnster<\/a> (franz\u00f6sisch: Munster, els\u00e4ssisch: Menschter).<\/p>\n<p>Man begrub Georg Ziemlich auf dem Soldatenfriedhof <span data-sheets-root=\"1\"><a class=\"in-cell-link\" href=\"https:\/\/www.google.de\/maps\/place\/Ammerschwihr,+Frankreich\/@48.1167085,7.2318824,13z\/data=!3m1!4b1!4m5!3m4!1s0x479161162b7e2d4f:0x40a5fb99a3940d0!8m2!3d48.1256119!4d7.281956\" target=\"_blank\" rel=\"noopener\">Ammerschwihr<\/a><\/span> in Grab 182.<\/p>\n<figure id=\"attachment_3540\" aria-describedby=\"caption-attachment-3540\" style=\"width: 465px\" class=\"wp-caption aligncenter\"><img loading=\"lazy\" decoding=\"async\" class=\"size-full wp-image-3540\" src=\"http:\/\/soldatenschicksale.de\/wp-content\/uploads\/2025\/01\/Georg-Ziemlich.jpg\" alt=\"\" width=\"465\" height=\"800\" srcset=\"http:\/\/soldatenschicksale.de\/wp-content\/uploads\/2025\/01\/Georg-Ziemlich.jpg 465w, http:\/\/soldatenschicksale.de\/wp-content\/uploads\/2025\/01\/Georg-Ziemlich-174x300.jpg 174w\" sizes=\"auto, (max-width: 465px) 85vw, 465px\" \/><figcaption id=\"caption-attachment-3540\" class=\"wp-caption-text\">Das Grab von Georg Ziemlich auf dem Soldatenfriedhof Ammerschwihr<\/figcaption><\/figure>\n","protected":false},"excerpt":{"rendered":"<p>Der Soldat Georg Ziemlich stammte aus Sulzbach am Main. Im Ersten Weltkrieg k\u00e4mpfte er als Kanonier. Am 27.04.1918 fiel er w\u00e4hrend der K\u00e4mpfe in den Vogesen n\u00f6rdlich der Stadt M\u00fcnster (franz\u00f6sisch: Munster, els\u00e4ssisch: Menschter). Man begrub Georg Ziemlich auf dem Soldatenfriedhof Ammerschwihr in Grab 182.<\/p>\n","protected":false},"author":2,"featured_media":0,"comment_status":"closed","ping_status":"open","sticky":false,"template":"","format":"standard","meta":{"footnotes":"","_wp_rev_ctl_limit":""},"categories":[1007,76,988,468,75],"tags":[1479,21,303,78,990,747,1526,1486,1833,306,239],"class_list":["post-4931","post","type-post","status-publish","format-standard","hentry","category-1-weltkrieg","category-frankreich","category-grand-est","category-vogesen-elsass","category-westfront","tag-ammerschwihr","tag-bayern","tag-elsass","tag-frankreich","tag-grand-est","tag-kanonier","tag-menschter","tag-muenster","tag-sulzbach-am-main","tag-vogesen","tag-westfront"],"_links":{"self":[{"href":"http:\/\/soldatenschicksale.de\/index.php?rest_route=\/wp\/v2\/posts\/4931","targetHints":{"allow":["GET"]}}],"collection":[{"href":"http:\/\/soldatenschicksale.de\/index.php?rest_route=\/wp\/v2\/posts"}],"about":[{"href":"http:\/\/soldatenschicksale.de\/index.php?rest_route=\/wp\/v2\/types\/post"}],"author":[{"embeddable":true,"href":"http:\/\/soldatenschicksale.de\/index.php?rest_route=\/wp\/v2\/users\/2"}],"replies":[{"embeddable":true,"href":"http:\/\/soldatenschicksale.de\/index.php?rest_route=%2Fwp%2Fv2%2Fcomments&post=4931"}],"version-history":[{"count":3,"href":"http:\/\/soldatenschicksale.de\/index.php?rest_route=\/wp\/v2\/posts\/4931\/revisions"}],"predecessor-version":[{"id":4936,"href":"http:\/\/soldatenschicksale.de\/index.php?rest_route=\/wp\/v2\/posts\/4931\/revisions\/4936"}],"wp:attachment":[{"href":"http:\/\/soldatenschicksale.de\/index.php?rest_route=%2Fwp%2Fv2%2Fmedia&parent=4931"}],"wp:term":[{"taxonomy":"category","embeddable":true,"href":"http:\/\/soldatenschicksale.de\/index.php?rest_route=%2Fwp%2Fv2%2Fcategories&post=4931"},{"taxonomy":"post_tag","embeddable":true,"href":"http:\/\/soldatenschicksale.de\/index.php?rest_route=%2Fwp%2Fv2%2Ftags&post=4931"}],"curies":[{"name":"wp","href":"https:\/\/api.w.org\/{rel}","templated":true}]}}