{"id":4937,"date":"2025-07-07T00:00:05","date_gmt":"2025-07-06T22:00:05","guid":{"rendered":"http:\/\/soldatenschicksale.de\/?p=4937"},"modified":"2025-04-16T19:07:28","modified_gmt":"2025-04-16T17:07:28","slug":"soldatenschicksale-des-1-weltkrieges-teil-319-josef-lechner","status":"publish","type":"post","link":"http:\/\/soldatenschicksale.de\/?p=4937","title":{"rendered":"Soldatenschicksale des 1. Weltkrieges Teil 319: Josef Lechner"},"content":{"rendered":"<p>Der Soldat Josef Lechner k\u00e4mpfte im Ersten Weltkrieg als Wehrmann in der 3. Kompanie des 1. bayerischen Landwehr-Infanterie-Regiments. Am 08.02.1917 fiel er w\u00e4hrend der Vogesenk\u00e4mpfe n\u00f6rdlich der Stadt M\u00fcnster (franz\u00f6sisch: Munster, els\u00e4ssisch: Menschter) am Eichenrain.<\/p>\n<p>Man begrub Josef Lechner auf dem Soldatenfriedhof <span data-sheets-root=\"1\"><a class=\"in-cell-link\" href=\"https:\/\/www.google.de\/maps\/place\/Ammerschwihr,+Frankreich\/@48.1167085,7.2318824,13z\/data=!3m1!4b1!4m5!3m4!1s0x479161162b7e2d4f:0x40a5fb99a3940d0!8m2!3d48.1256119!4d7.281956\" target=\"_blank\" rel=\"noopener\">Ammerschwihr<\/a><\/span> in Grab 130.<\/p>\n<figure id=\"attachment_3544\" aria-describedby=\"caption-attachment-3544\" style=\"width: 450px\" class=\"wp-caption aligncenter\"><img loading=\"lazy\" decoding=\"async\" class=\"size-full wp-image-3544\" src=\"http:\/\/soldatenschicksale.de\/wp-content\/uploads\/2025\/01\/Josef-Lechner.jpg\" alt=\"\" width=\"450\" height=\"800\" srcset=\"http:\/\/soldatenschicksale.de\/wp-content\/uploads\/2025\/01\/Josef-Lechner.jpg 450w, http:\/\/soldatenschicksale.de\/wp-content\/uploads\/2025\/01\/Josef-Lechner-169x300.jpg 169w\" sizes=\"auto, (max-width: 450px) 85vw, 450px\" \/><figcaption id=\"caption-attachment-3544\" class=\"wp-caption-text\">Das Grab von Josef Lechner auf dem Soldatenfriedhof Ammerschwihr<\/figcaption><\/figure>\n","protected":false},"excerpt":{"rendered":"<p>Der Soldat Josef Lechner k\u00e4mpfte im Ersten Weltkrieg als Wehrmann in der 3. Kompanie des 1. bayerischen Landwehr-Infanterie-Regiments. Am 08.02.1917 fiel er w\u00e4hrend der Vogesenk\u00e4mpfe n\u00f6rdlich der Stadt M\u00fcnster (franz\u00f6sisch: Munster, els\u00e4ssisch: Menschter) am Eichenrain. Man begrub Josef Lechner auf dem Soldatenfriedhof Ammerschwihr in Grab 130.<\/p>\n","protected":false},"author":2,"featured_media":0,"comment_status":"closed","ping_status":"open","sticky":false,"template":"","format":"standard","meta":{"footnotes":"","_wp_rev_ctl_limit":""},"categories":[1007,76,988,468,75],"tags":[1495,1479,1541,303,78,990,1529,1526,1486,306,1259,239],"class_list":["post-4937","post","type-post","status-publish","format-standard","hentry","category-1-weltkrieg","category-frankreich","category-grand-est","category-vogesen-elsass","category-westfront","tag-1-bayerisches-landwehr-infanterie-regiment","tag-ammerschwihr","tag-eichenrain","tag-elsass","tag-frankreich","tag-grand-est","tag-landwehrmann","tag-menschter","tag-muenster","tag-vogesen","tag-wehrmann","tag-westfront"],"_links":{"self":[{"href":"http:\/\/soldatenschicksale.de\/index.php?rest_route=\/wp\/v2\/posts\/4937","targetHints":{"allow":["GET"]}}],"collection":[{"href":"http:\/\/soldatenschicksale.de\/index.php?rest_route=\/wp\/v2\/posts"}],"about":[{"href":"http:\/\/soldatenschicksale.de\/index.php?rest_route=\/wp\/v2\/types\/post"}],"author":[{"embeddable":true,"href":"http:\/\/soldatenschicksale.de\/index.php?rest_route=\/wp\/v2\/users\/2"}],"replies":[{"embeddable":true,"href":"http:\/\/soldatenschicksale.de\/index.php?rest_route=%2Fwp%2Fv2%2Fcomments&post=4937"}],"version-history":[{"count":3,"href":"http:\/\/soldatenschicksale.de\/index.php?rest_route=\/wp\/v2\/posts\/4937\/revisions"}],"predecessor-version":[{"id":4941,"href":"http:\/\/soldatenschicksale.de\/index.php?rest_route=\/wp\/v2\/posts\/4937\/revisions\/4941"}],"wp:attachment":[{"href":"http:\/\/soldatenschicksale.de\/index.php?rest_route=%2Fwp%2Fv2%2Fmedia&parent=4937"}],"wp:term":[{"taxonomy":"category","embeddable":true,"href":"http:\/\/soldatenschicksale.de\/index.php?rest_route=%2Fwp%2Fv2%2Fcategories&post=4937"},{"taxonomy":"post_tag","embeddable":true,"href":"http:\/\/soldatenschicksale.de\/index.php?rest_route=%2Fwp%2Fv2%2Ftags&post=4937"}],"curies":[{"name":"wp","href":"https:\/\/api.w.org\/{rel}","templated":true}]}}