{"id":4948,"date":"2025-07-09T00:00:00","date_gmt":"2025-07-08T22:00:00","guid":{"rendered":"http:\/\/soldatenschicksale.de\/?p=4948"},"modified":"2025-04-17T18:46:51","modified_gmt":"2025-04-17T16:46:51","slug":"soldatenschicksale-des-1-weltkrieges-teil-321-franz-zieglmeier","status":"publish","type":"post","link":"http:\/\/soldatenschicksale.de\/?p=4948","title":{"rendered":"Soldatenschicksale des 1. Weltkrieges Teil 321: Franz Zieglmeier"},"content":{"rendered":"<p>Der Soldat Franz Zieglmeier stammte aus der bayerischen Ortschaft <a href=\"https:\/\/de.wikipedia.org\/wiki\/Weiherm%C3%BChle\" target=\"_blank\" rel=\"noopener\">Weiherm\u00fchle<\/a>. Im Ersten Weltkrieg k\u00e4mpfte er als Wehrmann. Am 29.12.1916 fiel er n\u00f6rdlich der Stadt <a href=\"https:\/\/de.wikipedia.org\/wiki\/Munster_(Haut-Rhin)\" target=\"_blank\" rel=\"noopener\">M\u00fcnster<\/a> (franz\u00f6sisch: Munster, els\u00e4ssisch: Menschter).<\/p>\n<p>Man begrub Franz Zieglmeier auf dem Soldatenfriedhof <span data-sheets-root=\"1\"><a class=\"in-cell-link\" href=\"https:\/\/www.google.de\/maps\/place\/Ammerschwihr,+Frankreich\/@48.1167085,7.2318824,13z\/data=!3m1!4b1!4m5!3m4!1s0x479161162b7e2d4f:0x40a5fb99a3940d0!8m2!3d48.1256119!4d7.281956\" target=\"_blank\" rel=\"noopener\">Ammerschwihr<\/a><\/span> in Grab 132.<\/p>\n<p>In seiner Heimat gedernkt man Franz Zieglmeier noch heute auf einem Denkmal: <a href=\"http:\/\/www.denkmalprojekt.org\/2019\/riedenburg_lk-kelheim_bay.html\" target=\"_blank\" rel=\"noopener\">http:\/\/www.denkmalprojekt.org\/2019\/riedenburg_lk-kelheim_bay.html<\/a><\/p>\n<figure id=\"attachment_3543\" aria-describedby=\"caption-attachment-3543\" style=\"width: 507px\" class=\"wp-caption aligncenter\"><img loading=\"lazy\" decoding=\"async\" class=\"size-full wp-image-3543\" src=\"http:\/\/soldatenschicksale.de\/wp-content\/uploads\/2025\/01\/Franz-Zieglmeier.jpg\" alt=\"\" width=\"507\" height=\"800\" srcset=\"http:\/\/soldatenschicksale.de\/wp-content\/uploads\/2025\/01\/Franz-Zieglmeier.jpg 507w, http:\/\/soldatenschicksale.de\/wp-content\/uploads\/2025\/01\/Franz-Zieglmeier-190x300.jpg 190w\" sizes=\"auto, (max-width: 507px) 85vw, 507px\" \/><figcaption id=\"caption-attachment-3543\" class=\"wp-caption-text\">Das Grab von Franz Zieglmeier auf dem Soldatenfriedhof Ammerschwihr<\/figcaption><\/figure>\n","protected":false},"excerpt":{"rendered":"<p>Der Soldat Franz Zieglmeier stammte aus der bayerischen Ortschaft Weiherm\u00fchle. Im Ersten Weltkrieg k\u00e4mpfte er als Wehrmann. Am 29.12.1916 fiel er n\u00f6rdlich der Stadt M\u00fcnster (franz\u00f6sisch: Munster, els\u00e4ssisch: Menschter). Man begrub Franz Zieglmeier auf dem Soldatenfriedhof Ammerschwihr in Grab 132. In seiner Heimat gedernkt man Franz Zieglmeier noch heute auf einem Denkmal: http:\/\/www.denkmalprojekt.org\/2019\/riedenburg_lk-kelheim_bay.html<\/p>\n","protected":false},"author":2,"featured_media":0,"comment_status":"closed","ping_status":"open","sticky":false,"template":"","format":"standard","meta":{"footnotes":"","_wp_rev_ctl_limit":""},"categories":[1007,76,988,468,75],"tags":[1479,30,303,78,990,1526,1486,306,1259,1834,239],"class_list":["post-4948","post","type-post","status-publish","format-standard","hentry","category-1-weltkrieg","category-frankreich","category-grand-est","category-vogesen-elsass","category-westfront","tag-ammerschwihr","tag-denkmal","tag-elsass","tag-frankreich","tag-grand-est","tag-menschter","tag-muenster","tag-vogesen","tag-wehrmann","tag-weihermuehle","tag-westfront"],"_links":{"self":[{"href":"http:\/\/soldatenschicksale.de\/index.php?rest_route=\/wp\/v2\/posts\/4948","targetHints":{"allow":["GET"]}}],"collection":[{"href":"http:\/\/soldatenschicksale.de\/index.php?rest_route=\/wp\/v2\/posts"}],"about":[{"href":"http:\/\/soldatenschicksale.de\/index.php?rest_route=\/wp\/v2\/types\/post"}],"author":[{"embeddable":true,"href":"http:\/\/soldatenschicksale.de\/index.php?rest_route=\/wp\/v2\/users\/2"}],"replies":[{"embeddable":true,"href":"http:\/\/soldatenschicksale.de\/index.php?rest_route=%2Fwp%2Fv2%2Fcomments&post=4948"}],"version-history":[{"count":3,"href":"http:\/\/soldatenschicksale.de\/index.php?rest_route=\/wp\/v2\/posts\/4948\/revisions"}],"predecessor-version":[{"id":4954,"href":"http:\/\/soldatenschicksale.de\/index.php?rest_route=\/wp\/v2\/posts\/4948\/revisions\/4954"}],"wp:attachment":[{"href":"http:\/\/soldatenschicksale.de\/index.php?rest_route=%2Fwp%2Fv2%2Fmedia&parent=4948"}],"wp:term":[{"taxonomy":"category","embeddable":true,"href":"http:\/\/soldatenschicksale.de\/index.php?rest_route=%2Fwp%2Fv2%2Fcategories&post=4948"},{"taxonomy":"post_tag","embeddable":true,"href":"http:\/\/soldatenschicksale.de\/index.php?rest_route=%2Fwp%2Fv2%2Ftags&post=4948"}],"curies":[{"name":"wp","href":"https:\/\/api.w.org\/{rel}","templated":true}]}}