{"id":4955,"date":"2025-07-10T00:00:02","date_gmt":"2025-07-09T22:00:02","guid":{"rendered":"http:\/\/soldatenschicksale.de\/?p=4955"},"modified":"2025-04-17T18:50:45","modified_gmt":"2025-04-17T16:50:45","slug":"soldatenschicksale-des-1-weltkrieges-teil-322-josef-maier","status":"publish","type":"post","link":"http:\/\/soldatenschicksale.de\/?p=4955","title":{"rendered":"Soldatenschicksale des 1. Weltkrieges Teil 322: Josef Maier"},"content":{"rendered":"<p>Der Soldat Josef Maier k\u00e4mpfte im Ersten Weltkrieg als Wehrmann. Am\u00a0 20.07.1915 fiel er w\u00e4hrend der Vogesenk\u00e4mpfe n\u00f6rdlich der Stadt M\u00fcnster (franz\u00f6sisch: Munster, els\u00e4ssisch: Menschter).<\/p>\n<p>Man begrub Josef Maier auf dem Soldatenfriedhof <span data-sheets-root=\"1\"><a class=\"in-cell-link\" href=\"https:\/\/www.google.de\/maps\/place\/Ammerschwihr,+Frankreich\/@48.1167085,7.2318824,13z\/data=!3m1!4b1!4m5!3m4!1s0x479161162b7e2d4f:0x40a5fb99a3940d0!8m2!3d48.1256119!4d7.281956\" target=\"_blank\" rel=\"noopener\">Ammerschwihr<\/a><\/span> in Grab 183.<\/p>\n<figure id=\"attachment_3545\" aria-describedby=\"caption-attachment-3545\" style=\"width: 447px\" class=\"wp-caption aligncenter\"><img loading=\"lazy\" decoding=\"async\" class=\"size-full wp-image-3545\" src=\"http:\/\/soldatenschicksale.de\/wp-content\/uploads\/2025\/01\/Josef-Maier-Rudolf-Renner.jpg\" alt=\"\" width=\"447\" height=\"800\" srcset=\"http:\/\/soldatenschicksale.de\/wp-content\/uploads\/2025\/01\/Josef-Maier-Rudolf-Renner.jpg 447w, http:\/\/soldatenschicksale.de\/wp-content\/uploads\/2025\/01\/Josef-Maier-Rudolf-Renner-168x300.jpg 168w\" sizes=\"auto, (max-width: 447px) 85vw, 447px\" \/><figcaption id=\"caption-attachment-3545\" class=\"wp-caption-text\">Das Grab von Josef Maier und Rudolf Renner auf dem Soldatenfriedhof Ammerschwihr<\/figcaption><\/figure>\n","protected":false},"excerpt":{"rendered":"<p>Der Soldat Josef Maier k\u00e4mpfte im Ersten Weltkrieg als Wehrmann. Am\u00a0 20.07.1915 fiel er w\u00e4hrend der Vogesenk\u00e4mpfe n\u00f6rdlich der Stadt M\u00fcnster (franz\u00f6sisch: Munster, els\u00e4ssisch: Menschter). Man begrub Josef Maier auf dem Soldatenfriedhof Ammerschwihr in Grab 183.<\/p>\n","protected":false},"author":2,"featured_media":0,"comment_status":"closed","ping_status":"open","sticky":false,"template":"","format":"standard","meta":{"footnotes":"","_wp_rev_ctl_limit":""},"categories":[1007,988,468,75],"tags":[1479,303,78,990,1526,1486,306,239],"class_list":["post-4955","post","type-post","status-publish","format-standard","hentry","category-1-weltkrieg","category-grand-est","category-vogesen-elsass","category-westfront","tag-ammerschwihr","tag-elsass","tag-frankreich","tag-grand-est","tag-menschter","tag-muenster","tag-vogesen","tag-westfront"],"_links":{"self":[{"href":"http:\/\/soldatenschicksale.de\/index.php?rest_route=\/wp\/v2\/posts\/4955","targetHints":{"allow":["GET"]}}],"collection":[{"href":"http:\/\/soldatenschicksale.de\/index.php?rest_route=\/wp\/v2\/posts"}],"about":[{"href":"http:\/\/soldatenschicksale.de\/index.php?rest_route=\/wp\/v2\/types\/post"}],"author":[{"embeddable":true,"href":"http:\/\/soldatenschicksale.de\/index.php?rest_route=\/wp\/v2\/users\/2"}],"replies":[{"embeddable":true,"href":"http:\/\/soldatenschicksale.de\/index.php?rest_route=%2Fwp%2Fv2%2Fcomments&post=4955"}],"version-history":[{"count":3,"href":"http:\/\/soldatenschicksale.de\/index.php?rest_route=\/wp\/v2\/posts\/4955\/revisions"}],"predecessor-version":[{"id":4958,"href":"http:\/\/soldatenschicksale.de\/index.php?rest_route=\/wp\/v2\/posts\/4955\/revisions\/4958"}],"wp:attachment":[{"href":"http:\/\/soldatenschicksale.de\/index.php?rest_route=%2Fwp%2Fv2%2Fmedia&parent=4955"}],"wp:term":[{"taxonomy":"category","embeddable":true,"href":"http:\/\/soldatenschicksale.de\/index.php?rest_route=%2Fwp%2Fv2%2Fcategories&post=4955"},{"taxonomy":"post_tag","embeddable":true,"href":"http:\/\/soldatenschicksale.de\/index.php?rest_route=%2Fwp%2Fv2%2Ftags&post=4955"}],"curies":[{"name":"wp","href":"https:\/\/api.w.org\/{rel}","templated":true}]}}