{"id":5063,"date":"2025-07-27T00:00:54","date_gmt":"2025-07-26T22:00:54","guid":{"rendered":"http:\/\/soldatenschicksale.de\/?p=5063"},"modified":"2025-04-27T19:54:48","modified_gmt":"2025-04-27T17:54:48","slug":"soldatenschicksale-des-1-weltkrieges-teil-336-johann-widemann","status":"publish","type":"post","link":"http:\/\/soldatenschicksale.de\/?p=5063","title":{"rendered":"Soldatenschicksale des 1. Weltkrieges Teil 338: Johann Widmann"},"content":{"rendered":"<p>Der Soldat Johann Widmann stammte aus <a href=\"https:\/\/de.wikipedia.org\/wiki\/Au_(Illertissen)\" target=\"_blank\" rel=\"noopener\">Au<\/a>, einem Stadtteil der bayerischen Stadt <a href=\"https:\/\/de.wikipedia.org\/wiki\/Illertissen\" target=\"_blank\" rel=\"noopener\">Illertissen<\/a>. Im Ersten Weltkrieg k\u00e4mpfte er als Infanterist in der 5. Kompanie des 2. bayerischen Landwehr-Infanterie-Regiments. Am 17.10.1916 fiel er w\u00e4hrend der Stellungsk\u00e4mpfe in den Vogesen im Oberelsass n\u00f6rdlich der Stadt <a href=\"https:\/\/de.wikipedia.org\/wiki\/Munster_(Haut-Rhin)\" target=\"_blank\" rel=\"noopener\">M\u00fcnster<\/a> (franz\u00f6sisch: Munster, els\u00e4ssisch: Menschter). Er fiel in der Region <a href=\"https:\/\/maps.app.goo.gl\/wuWe7uy6hYaMDuhW9\" target=\"_blank\" rel=\"noopener\">Barrenkopf<\/a> &#8211; <a href=\"https:\/\/de.wikipedia.org\/wiki\/Stosswihr\" target=\"_blank\" rel=\"noopener\">Stossweier<\/a> (franz\u00f6sisch: Stosswihr).<\/p>\n<p>Man begrub Johann Widmann auf dem Soldatenfriedhof <span data-sheets-root=\"1\"><a class=\"in-cell-link\" href=\"https:\/\/www.google.de\/maps\/place\/Ammerschwihr,+Frankreich\/@48.1167085,7.2318824,13z\/data=!3m1!4b1!4m5!3m4!1s0x479161162b7e2d4f:0x40a5fb99a3940d0!8m2!3d48.1256119!4d7.281956\" target=\"_blank\" rel=\"noopener\">Ammerschwihr<\/a><\/span> in Grab 155.<\/p>\n<p>In seinem Heimatort Au gedenkt man Johann Widmann noch heute auf einem Denkmal: <a href=\"http:\/\/www.denkmalprojekt.org\/2014\/au_stadt-illertissen_lk-neu-ulm_wk1_wk2_bay.html\" target=\"_blank\" rel=\"noopener\">http:\/\/www.denkmalprojekt.org\/2014\/au_stadt-illertissen_lk-neu-ulm_wk1_wk2_bay.html<\/a><\/p>\n<figure id=\"attachment_3561\" aria-describedby=\"caption-attachment-3561\" style=\"width: 502px\" class=\"wp-caption aligncenter\"><img loading=\"lazy\" decoding=\"async\" class=\"size-full wp-image-3561\" src=\"http:\/\/soldatenschicksale.de\/wp-content\/uploads\/2025\/01\/Johann-Widmann.jpg\" alt=\"\" width=\"502\" height=\"800\" srcset=\"http:\/\/soldatenschicksale.de\/wp-content\/uploads\/2025\/01\/Johann-Widmann.jpg 502w, http:\/\/soldatenschicksale.de\/wp-content\/uploads\/2025\/01\/Johann-Widmann-188x300.jpg 188w\" sizes=\"auto, (max-width: 502px) 85vw, 502px\" \/><figcaption id=\"caption-attachment-3561\" class=\"wp-caption-text\">Das Grab von Johann Widmann auf dem Soldatenfriedhof Ammerschwihr<\/figcaption><\/figure>\n","protected":false},"excerpt":{"rendered":"<p>Der Soldat Johann Widmann stammte aus Au, einem Stadtteil der bayerischen Stadt Illertissen. Im Ersten Weltkrieg k\u00e4mpfte er als Infanterist in der 5. Kompanie des 2. bayerischen Landwehr-Infanterie-Regiments. Am 17.10.1916 fiel er w\u00e4hrend der Stellungsk\u00e4mpfe in den Vogesen im Oberelsass n\u00f6rdlich der Stadt M\u00fcnster (franz\u00f6sisch: Munster, els\u00e4ssisch: Menschter). Er fiel in der Region Barrenkopf &#8211; &hellip; <a href=\"http:\/\/soldatenschicksale.de\/?p=5063\" class=\"more-link\"><span class=\"screen-reader-text\">\u201eSoldatenschicksale des 1. Weltkrieges Teil 338: Johann Widmann\u201c <\/span>weiterlesen<\/a><\/p>\n","protected":false},"author":2,"featured_media":0,"comment_status":"closed","ping_status":"open","sticky":false,"template":"","format":"standard","meta":{"footnotes":"","_wp_rev_ctl_limit":""},"categories":[1007,76,988,468,75],"tags":[1506,1479,1854,21,30,303,78,990,1855,1056,1526,1486,306,239],"class_list":["post-5063","post","type-post","status-publish","format-standard","hentry","category-1-weltkrieg","category-frankreich","category-grand-est","category-vogesen-elsass","category-westfront","tag-2-bayerisches-landwehr-infanterie-regiment","tag-ammerschwihr","tag-au","tag-bayern","tag-denkmal","tag-elsass","tag-frankreich","tag-grand-est","tag-illertissen","tag-infanterist","tag-menschter","tag-muenster","tag-vogesen","tag-westfront"],"_links":{"self":[{"href":"http:\/\/soldatenschicksale.de\/index.php?rest_route=\/wp\/v2\/posts\/5063","targetHints":{"allow":["GET"]}}],"collection":[{"href":"http:\/\/soldatenschicksale.de\/index.php?rest_route=\/wp\/v2\/posts"}],"about":[{"href":"http:\/\/soldatenschicksale.de\/index.php?rest_route=\/wp\/v2\/types\/post"}],"author":[{"embeddable":true,"href":"http:\/\/soldatenschicksale.de\/index.php?rest_route=\/wp\/v2\/users\/2"}],"replies":[{"embeddable":true,"href":"http:\/\/soldatenschicksale.de\/index.php?rest_route=%2Fwp%2Fv2%2Fcomments&post=5063"}],"version-history":[{"count":3,"href":"http:\/\/soldatenschicksale.de\/index.php?rest_route=\/wp\/v2\/posts\/5063\/revisions"}],"predecessor-version":[{"id":5070,"href":"http:\/\/soldatenschicksale.de\/index.php?rest_route=\/wp\/v2\/posts\/5063\/revisions\/5070"}],"wp:attachment":[{"href":"http:\/\/soldatenschicksale.de\/index.php?rest_route=%2Fwp%2Fv2%2Fmedia&parent=5063"}],"wp:term":[{"taxonomy":"category","embeddable":true,"href":"http:\/\/soldatenschicksale.de\/index.php?rest_route=%2Fwp%2Fv2%2Fcategories&post=5063"},{"taxonomy":"post_tag","embeddable":true,"href":"http:\/\/soldatenschicksale.de\/index.php?rest_route=%2Fwp%2Fv2%2Ftags&post=5063"}],"curies":[{"name":"wp","href":"https:\/\/api.w.org\/{rel}","templated":true}]}}