{"id":5077,"date":"2025-07-28T00:00:45","date_gmt":"2025-07-27T22:00:45","guid":{"rendered":"http:\/\/soldatenschicksale.de\/?p=5077"},"modified":"2025-04-30T21:44:05","modified_gmt":"2025-04-30T19:44:05","slug":"soldatenschicksale-des-1-weltkrieges-teil-339-adolf-boensch","status":"publish","type":"post","link":"http:\/\/soldatenschicksale.de\/?p=5077","title":{"rendered":"Soldatenschicksale des 1. Weltkrieges Teil 339: Adolf B\u00f6nsch"},"content":{"rendered":"<p>Der Soldat Adolf B\u00f6nsch wurde am 06.12.1880 in <a href=\"https:\/\/de.wikipedia.org\/wiki\/Germenau\" target=\"_blank\" rel=\"noopener\">Germenau<\/a> geboren, einem Ortsteil von <a href=\"https:\/\/de.wikipedia.org\/wiki\/Jahrstedt\" target=\"_blank\" rel=\"noopener\">Jahrstedt<\/a> im heutigen Bundesland Sachsen-Anhalt, einem Ortsteil der Stadt <a href=\"https:\/\/de.wikipedia.org\/wiki\/Kl%C3%B6tze\" target=\"_blank\" rel=\"noopener\">Kl\u00f6tze<\/a>. Im Ersten Weltkrieg k\u00e4mpfte er als Sch\u00fctze in der Gebirgs-Maschinengewehr-Abteilung. Am 10.04.1916 fiel er im Alter von 35 Jahren w\u00e4hrend der Vogesenk\u00e4mpfe n\u00f6rdlich der Stadt <a href=\"https:\/\/de.wikipedia.org\/wiki\/Munster_(Haut-Rhin)\" target=\"_blank\" rel=\"noopener\">M\u00fcnster<\/a> (franz\u00f6sisch: Munster, els\u00e4ssisch: Menschter).<\/p>\n<p>Man begrub Adolf B\u00f6nsch auf dem Soldatenfriedhof <span data-sheets-root=\"1\"><a class=\"in-cell-link\" href=\"https:\/\/www.google.de\/maps\/place\/Ammerschwihr,+Frankreich\/@48.1167085,7.2318824,13z\/data=!3m1!4b1!4m5!3m4!1s0x479161162b7e2d4f:0x40a5fb99a3940d0!8m2!3d48.1256119!4d7.281956\" target=\"_blank\" rel=\"noopener\">Ammerschwihr<\/a><\/span> in Grab 156.<\/p>\n<p>In seiner Heimatgemeinde Salzwedel gedenkt man Adolf B\u00f6nsch noch heute auf zwei Denkm\u00e4lern: <a href=\"http:\/\/www.denkmalprojekt.org\/2018\/salzwedel-1-wk_altmarkkreis-salzwedel_neu_sa.html\" target=\"_blank\" rel=\"noopener\">http:\/\/www.denkmalprojekt.org\/2018\/salzwedel-1-wk_altmarkkreis-salzwedel_neu_sa.html<\/a> und <a href=\"http:\/\/www.denkmalprojekt.org\/2018\/beetzendorf_altmarkkreis-salzwedel_wk1u2_sa.html\" target=\"_blank\" rel=\"noopener\">http:\/\/www.denkmalprojekt.org\/2018\/beetzendorf_altmarkkreis-salzwedel_wk1u2_sa.html<\/a><\/p>\n<figure id=\"attachment_3560\" aria-describedby=\"caption-attachment-3560\" style=\"width: 429px\" class=\"wp-caption aligncenter\"><img loading=\"lazy\" decoding=\"async\" class=\"size-full wp-image-3560\" src=\"http:\/\/soldatenschicksale.de\/wp-content\/uploads\/2025\/01\/Adolf-Boensch.jpg\" alt=\"\" width=\"429\" height=\"800\" srcset=\"http:\/\/soldatenschicksale.de\/wp-content\/uploads\/2025\/01\/Adolf-Boensch.jpg 429w, http:\/\/soldatenschicksale.de\/wp-content\/uploads\/2025\/01\/Adolf-Boensch-161x300.jpg 161w\" sizes=\"auto, (max-width: 429px) 85vw, 429px\" \/><figcaption id=\"caption-attachment-3560\" class=\"wp-caption-text\">Das Grab von Adolf B\u00f6nsch auf dem Soldatenfriedhof Ammerschwihr<\/figcaption><\/figure>\n","protected":false},"excerpt":{"rendered":"<p>Der Soldat Adolf B\u00f6nsch wurde am 06.12.1880 in Germenau geboren, einem Ortsteil von Jahrstedt im heutigen Bundesland Sachsen-Anhalt, einem Ortsteil der Stadt Kl\u00f6tze. Im Ersten Weltkrieg k\u00e4mpfte er als Sch\u00fctze in der Gebirgs-Maschinengewehr-Abteilung. Am 10.04.1916 fiel er im Alter von 35 Jahren w\u00e4hrend der Vogesenk\u00e4mpfe n\u00f6rdlich der Stadt M\u00fcnster (franz\u00f6sisch: Munster, els\u00e4ssisch: Menschter). Man begrub &hellip; <a href=\"http:\/\/soldatenschicksale.de\/?p=5077\" class=\"more-link\"><span class=\"screen-reader-text\">\u201eSoldatenschicksale des 1. Weltkrieges Teil 339: Adolf B\u00f6nsch\u201c <\/span>weiterlesen<\/a><\/p>\n","protected":false},"author":2,"featured_media":0,"comment_status":"closed","ping_status":"open","sticky":false,"template":"","format":"standard","meta":{"footnotes":"","_wp_rev_ctl_limit":""},"categories":[1007,76,988,468,75],"tags":[1479,1859,30,303,78,1860,1861,990,1863,1864,1526,1486,1145,1862,184,306,239],"class_list":["post-5077","post","type-post","status-publish","format-standard","hentry","category-1-weltkrieg","category-frankreich","category-grand-est","category-vogesen-elsass","category-westfront","tag-ammerschwihr","tag-bayerische-gebirgs-maschinengewehr-abteilung","tag-denkmal","tag-elsass","tag-frankreich","tag-gebirgs-maschinengewehr-abteilung","tag-germenau","tag-grand-est","tag-jahrstedt","tag-kloetze","tag-menschter","tag-muenster","tag-sachsen-anhalt","tag-salzwedel","tag-schuetze","tag-vogesen","tag-westfront"],"_links":{"self":[{"href":"http:\/\/soldatenschicksale.de\/index.php?rest_route=\/wp\/v2\/posts\/5077","targetHints":{"allow":["GET"]}}],"collection":[{"href":"http:\/\/soldatenschicksale.de\/index.php?rest_route=\/wp\/v2\/posts"}],"about":[{"href":"http:\/\/soldatenschicksale.de\/index.php?rest_route=\/wp\/v2\/types\/post"}],"author":[{"embeddable":true,"href":"http:\/\/soldatenschicksale.de\/index.php?rest_route=\/wp\/v2\/users\/2"}],"replies":[{"embeddable":true,"href":"http:\/\/soldatenschicksale.de\/index.php?rest_route=%2Fwp%2Fv2%2Fcomments&post=5077"}],"version-history":[{"count":3,"href":"http:\/\/soldatenschicksale.de\/index.php?rest_route=\/wp\/v2\/posts\/5077\/revisions"}],"predecessor-version":[{"id":5084,"href":"http:\/\/soldatenschicksale.de\/index.php?rest_route=\/wp\/v2\/posts\/5077\/revisions\/5084"}],"wp:attachment":[{"href":"http:\/\/soldatenschicksale.de\/index.php?rest_route=%2Fwp%2Fv2%2Fmedia&parent=5077"}],"wp:term":[{"taxonomy":"category","embeddable":true,"href":"http:\/\/soldatenschicksale.de\/index.php?rest_route=%2Fwp%2Fv2%2Fcategories&post=5077"},{"taxonomy":"post_tag","embeddable":true,"href":"http:\/\/soldatenschicksale.de\/index.php?rest_route=%2Fwp%2Fv2%2Ftags&post=5077"}],"curies":[{"name":"wp","href":"https:\/\/api.w.org\/{rel}","templated":true}]}}