{"id":5091,"date":"2025-07-30T00:00:11","date_gmt":"2025-07-29T22:00:11","guid":{"rendered":"http:\/\/soldatenschicksale.de\/?p=5091"},"modified":"2025-04-30T22:29:19","modified_gmt":"2025-04-30T20:29:19","slug":"soldatenschicksale-des-1-weltkrieges-teil-341-thomas-ziegler","status":"publish","type":"post","link":"http:\/\/soldatenschicksale.de\/?p=5091","title":{"rendered":"Soldatenschicksale des 1. Weltkrieges Teil 341: Thomas Ziegler"},"content":{"rendered":"<p>Der Soldat Thomas Ziegler stammte aus <a href=\"https:\/\/de.wikipedia.org\/wiki\/Junkenhofen\" target=\"_blank\" rel=\"noopener\">Junkenhofen<\/a>, einem Ortsteil der bayerischen Gemeinde <a href=\"https:\/\/de.wikipedia.org\/wiki\/Gerolsbach\" target=\"_blank\" rel=\"noopener\">Gerolsbach<\/a>.. Er k\u00e4mpfte im Ersten Weltkrieg als Offizierstellvertreter. Am 29.05.1916 fiel er w\u00e4hrend der Vogesenk\u00e4mpfe n\u00f6rdlich der Stadt <a href=\"https:\/\/de.wikipedia.org\/wiki\/Munster_(Haut-Rhin)\" target=\"_blank\" rel=\"noopener\">M\u00fcnster<\/a> (franz\u00f6sisch: Munster, els\u00e4ssisch: Menschter). Er wurde am Schratzmaennele get\u00f6tet.<\/p>\n<p>Man begrub Thomas Ziegler auf dem Soldatenfriedhof <span data-sheets-root=\"1\"><a class=\"in-cell-link\" href=\"https:\/\/www.google.de\/maps\/place\/Ammerschwihr,+Frankreich\/@48.1167085,7.2318824,13z\/data=!3m1!4b1!4m5!3m4!1s0x479161162b7e2d4f:0x40a5fb99a3940d0!8m2!3d48.1256119!4d7.281956\" target=\"_blank\" rel=\"noopener\">Ammerschwihr<\/a><\/span> in Grab 165.<\/p>\n<p>In dem M\u00fcnchner Ortsteil Neuhausen gedenkt man Thomas Ziegler noch heute auf einem Denkmal: <a href=\"http:\/\/www.denkmalprojekt.org\/2019\/neuhausen(alte-herz-jesu-kirche)_stadt-muenchen_bay.html\" target=\"_blank\" rel=\"noopener\">http:\/\/www.denkmalprojekt.org\/2019\/neuhausen(alte-herz-jesu-kirche)_stadt-muenchen_bay.html<\/a><\/p>\n<figure id=\"attachment_3562\" aria-describedby=\"caption-attachment-3562\" style=\"width: 427px\" class=\"wp-caption aligncenter\"><img loading=\"lazy\" decoding=\"async\" class=\"size-full wp-image-3562\" src=\"http:\/\/soldatenschicksale.de\/wp-content\/uploads\/2025\/01\/Thomas-Ziegler.jpg\" alt=\"\" width=\"427\" height=\"800\" srcset=\"http:\/\/soldatenschicksale.de\/wp-content\/uploads\/2025\/01\/Thomas-Ziegler.jpg 427w, http:\/\/soldatenschicksale.de\/wp-content\/uploads\/2025\/01\/Thomas-Ziegler-160x300.jpg 160w\" sizes=\"auto, (max-width: 427px) 85vw, 427px\" \/><figcaption id=\"caption-attachment-3562\" class=\"wp-caption-text\">Das Grab von Thomas Ziegler auf dem Soldatenfriedhof Ammerschwihr<\/figcaption><\/figure>\n","protected":false},"excerpt":{"rendered":"<p>Der Soldat Thomas Ziegler stammte aus Junkenhofen, einem Ortsteil der bayerischen Gemeinde Gerolsbach.. Er k\u00e4mpfte im Ersten Weltkrieg als Offizierstellvertreter. Am 29.05.1916 fiel er w\u00e4hrend der Vogesenk\u00e4mpfe n\u00f6rdlich der Stadt M\u00fcnster (franz\u00f6sisch: Munster, els\u00e4ssisch: Menschter). Er wurde am Schratzmaennele get\u00f6tet. Man begrub Thomas Ziegler auf dem Soldatenfriedhof Ammerschwihr in Grab 165. In dem M\u00fcnchner Ortsteil &hellip; <a href=\"http:\/\/soldatenschicksale.de\/?p=5091\" class=\"more-link\"><span class=\"screen-reader-text\">\u201eSoldatenschicksale des 1. Weltkrieges Teil 341: Thomas Ziegler\u201c <\/span>weiterlesen<\/a><\/p>\n","protected":false},"author":2,"featured_media":0,"comment_status":"closed","ping_status":"open","sticky":false,"template":"","format":"standard","meta":{"footnotes":"","_wp_rev_ctl_limit":""},"categories":[1007,76,988,468,75],"tags":[1479,21,30,303,78,1869,990,1526,1486,1381,1487,1670,306,1496,239],"class_list":["post-5091","post","type-post","status-publish","format-standard","hentry","category-1-weltkrieg","category-frankreich","category-grand-est","category-vogesen-elsass","category-westfront","tag-ammerschwihr","tag-bayern","tag-denkmal","tag-elsass","tag-frankreich","tag-gerolsbach","tag-grand-est","tag-menschter","tag-muenster","tag-offizierstellvertreter","tag-schratzmaennele","tag-schratzmaennle","tag-vogesen","tag-vogesenkaempfe","tag-westfront"],"_links":{"self":[{"href":"http:\/\/soldatenschicksale.de\/index.php?rest_route=\/wp\/v2\/posts\/5091","targetHints":{"allow":["GET"]}}],"collection":[{"href":"http:\/\/soldatenschicksale.de\/index.php?rest_route=\/wp\/v2\/posts"}],"about":[{"href":"http:\/\/soldatenschicksale.de\/index.php?rest_route=\/wp\/v2\/types\/post"}],"author":[{"embeddable":true,"href":"http:\/\/soldatenschicksale.de\/index.php?rest_route=\/wp\/v2\/users\/2"}],"replies":[{"embeddable":true,"href":"http:\/\/soldatenschicksale.de\/index.php?rest_route=%2Fwp%2Fv2%2Fcomments&post=5091"}],"version-history":[{"count":3,"href":"http:\/\/soldatenschicksale.de\/index.php?rest_route=\/wp\/v2\/posts\/5091\/revisions"}],"predecessor-version":[{"id":5098,"href":"http:\/\/soldatenschicksale.de\/index.php?rest_route=\/wp\/v2\/posts\/5091\/revisions\/5098"}],"wp:attachment":[{"href":"http:\/\/soldatenschicksale.de\/index.php?rest_route=%2Fwp%2Fv2%2Fmedia&parent=5091"}],"wp:term":[{"taxonomy":"category","embeddable":true,"href":"http:\/\/soldatenschicksale.de\/index.php?rest_route=%2Fwp%2Fv2%2Fcategories&post=5091"},{"taxonomy":"post_tag","embeddable":true,"href":"http:\/\/soldatenschicksale.de\/index.php?rest_route=%2Fwp%2Fv2%2Ftags&post=5091"}],"curies":[{"name":"wp","href":"https:\/\/api.w.org\/{rel}","templated":true}]}}