{"id":5142,"date":"2025-08-06T00:00:32","date_gmt":"2025-08-05T22:00:32","guid":{"rendered":"http:\/\/soldatenschicksale.de\/?p=5142"},"modified":"2025-05-03T08:04:58","modified_gmt":"2025-05-03T06:04:58","slug":"soldatenschicksale-des-1-weltkrieges-teil-348-josef-kugler","status":"publish","type":"post","link":"http:\/\/soldatenschicksale.de\/?p=5142","title":{"rendered":"Soldatenschicksale des 1. Weltkrieges Teil 348: Josef Kugler"},"content":{"rendered":"<p>Der Soldat Josef Kugler stammte aus der bayerischen Gemeinde <a href=\"https:\/\/de.wikipedia.org\/wiki\/Arnstorf\" target=\"_blank\" rel=\"noopener\">Arnstorf<\/a>. Im Ersten Weltkrieg k\u00e4mpfte er als Gefreiter in der 5. Kompanie des 1. bayerischen Landwehr-Infanterie-Regiments. Am 23.07.1915 verstarb er bei <a href=\"https:\/\/de.wikipedia.org\/wiki\/Trois-%C3%89pis\" target=\"_blank\" rel=\"noopener\">Drei \u00c4hren<\/a>, nachdem er zuvor w\u00e4hrend der Vogesenk\u00e4mpfe n\u00f6rdlich der Stadt <a href=\"https:\/\/de.wikipedia.org\/wiki\/Munster_(Haut-Rhin)\" target=\"_blank\" rel=\"noopener\">M\u00fcnster<\/a> (franz\u00f6sisch: Munster, els\u00e4ssisch: Menschter) schwer verwundet worden war.<\/p>\n<p>Man begrub Josef Kugler auf dem Soldatenfriedhof <span data-sheets-root=\"1\"><a class=\"in-cell-link\" href=\"https:\/\/www.google.de\/maps\/place\/Ammerschwihr,+Frankreich\/@48.1167085,7.2318824,13z\/data=!3m1!4b1!4m5!3m4!1s0x479161162b7e2d4f:0x40a5fb99a3940d0!8m2!3d48.1256119!4d7.281956\" target=\"_blank\" rel=\"noopener\">Ammerschwihr<\/a><\/span> in Grab 192.<\/p>\n<figure id=\"attachment_3576\" aria-describedby=\"caption-attachment-3576\" style=\"width: 550px\" class=\"wp-caption aligncenter\"><img loading=\"lazy\" decoding=\"async\" class=\"size-full wp-image-3576\" src=\"http:\/\/soldatenschicksale.de\/wp-content\/uploads\/2025\/01\/Josef-Kugler-Johann-Brandl.jpg\" alt=\"\" width=\"550\" height=\"800\" srcset=\"http:\/\/soldatenschicksale.de\/wp-content\/uploads\/2025\/01\/Josef-Kugler-Johann-Brandl.jpg 550w, http:\/\/soldatenschicksale.de\/wp-content\/uploads\/2025\/01\/Josef-Kugler-Johann-Brandl-206x300.jpg 206w\" sizes=\"auto, (max-width: 550px) 85vw, 550px\" \/><figcaption id=\"caption-attachment-3576\" class=\"wp-caption-text\">Das Grab von Josef Kugler und Johann Brandl<\/figcaption><\/figure>\n","protected":false},"excerpt":{"rendered":"<p>Der Soldat Josef Kugler stammte aus der bayerischen Gemeinde Arnstorf. Im Ersten Weltkrieg k\u00e4mpfte er als Gefreiter in der 5. Kompanie des 1. bayerischen Landwehr-Infanterie-Regiments. Am 23.07.1915 verstarb er bei Drei \u00c4hren, nachdem er zuvor w\u00e4hrend der Vogesenk\u00e4mpfe n\u00f6rdlich der Stadt M\u00fcnster (franz\u00f6sisch: Munster, els\u00e4ssisch: Menschter) schwer verwundet worden war. Man begrub Josef Kugler auf &hellip; <a href=\"http:\/\/soldatenschicksale.de\/?p=5142\" class=\"more-link\"><span class=\"screen-reader-text\">\u201eSoldatenschicksale des 1. Weltkrieges Teil 348: Josef Kugler\u201c <\/span>weiterlesen<\/a><\/p>\n","protected":false},"author":2,"featured_media":0,"comment_status":"closed","ping_status":"open","sticky":false,"template":"","format":"standard","meta":{"footnotes":"","_wp_rev_ctl_limit":""},"categories":[1007,76,988,468,75],"tags":[1495,1479,154,21,1480,303,78,11,990,1566,1526,1486,1481,306,239],"class_list":["post-5142","post","type-post","status-publish","format-standard","hentry","category-1-weltkrieg","category-frankreich","category-grand-est","category-vogesen-elsass","category-westfront","tag-1-bayerisches-landwehr-infanterie-regiment","tag-ammerschwihr","tag-arnstorf","tag-bayern","tag-drei-aehren","tag-elsass","tag-frankreich","tag-gefreiter","tag-grand-est","tag-lazarett-drei-aehren","tag-menschter","tag-muenster","tag-trois-epis","tag-vogesen","tag-westfront"],"_links":{"self":[{"href":"http:\/\/soldatenschicksale.de\/index.php?rest_route=\/wp\/v2\/posts\/5142","targetHints":{"allow":["GET"]}}],"collection":[{"href":"http:\/\/soldatenschicksale.de\/index.php?rest_route=\/wp\/v2\/posts"}],"about":[{"href":"http:\/\/soldatenschicksale.de\/index.php?rest_route=\/wp\/v2\/types\/post"}],"author":[{"embeddable":true,"href":"http:\/\/soldatenschicksale.de\/index.php?rest_route=\/wp\/v2\/users\/2"}],"replies":[{"embeddable":true,"href":"http:\/\/soldatenschicksale.de\/index.php?rest_route=%2Fwp%2Fv2%2Fcomments&post=5142"}],"version-history":[{"count":3,"href":"http:\/\/soldatenschicksale.de\/index.php?rest_route=\/wp\/v2\/posts\/5142\/revisions"}],"predecessor-version":[{"id":5148,"href":"http:\/\/soldatenschicksale.de\/index.php?rest_route=\/wp\/v2\/posts\/5142\/revisions\/5148"}],"wp:attachment":[{"href":"http:\/\/soldatenschicksale.de\/index.php?rest_route=%2Fwp%2Fv2%2Fmedia&parent=5142"}],"wp:term":[{"taxonomy":"category","embeddable":true,"href":"http:\/\/soldatenschicksale.de\/index.php?rest_route=%2Fwp%2Fv2%2Fcategories&post=5142"},{"taxonomy":"post_tag","embeddable":true,"href":"http:\/\/soldatenschicksale.de\/index.php?rest_route=%2Fwp%2Fv2%2Ftags&post=5142"}],"curies":[{"name":"wp","href":"https:\/\/api.w.org\/{rel}","templated":true}]}}