{"id":5166,"date":"2025-08-10T00:00:07","date_gmt":"2025-08-09T22:00:07","guid":{"rendered":"http:\/\/soldatenschicksale.de\/?p=5166"},"modified":"2025-05-04T15:08:27","modified_gmt":"2025-05-04T13:08:27","slug":"soldatenschicksale-des-1-weltkrieges-teil-352-georg-waigel","status":"publish","type":"post","link":"http:\/\/soldatenschicksale.de\/?p=5166","title":{"rendered":"Soldatenschicksale des 1. Weltkrieges Teil 352: Georg Waigel"},"content":{"rendered":"<p>Der Soldat Georg Waigel (VL: Waigl) stammte aus <a href=\"https:\/\/de.wikipedia.org\/wiki\/Bronnen_(Salgen)\" target=\"_blank\" rel=\"noopener\">Bronnen<\/a>, einem Ortsteil der bayerischen Gemeinde <a href=\"https:\/\/de.wikipedia.org\/wiki\/Salgen\" target=\"_blank\" rel=\"noopener\">Salgen<\/a>. Im Ersten Weltkrieg k\u00e4mpfte er als Ersatz-Reservist in der 5. Kompanie des 1. bayerischen Landwehr-Infanterie-Regiments. Am 24.07.1915 verstarb er bei <a href=\"https:\/\/de.wikipedia.org\/wiki\/Trois-%C3%89pis\" target=\"_blank\" rel=\"noopener\">Drei \u00c4hren<\/a> (franz\u00f6sisch: Trois-\u00c9pis), nachdem er bei den K\u00e4mpfen in den Vogesen n\u00f6rdlich der Stadt <a href=\"https:\/\/de.wikipedia.org\/wiki\/Munster_(Haut-Rhin)\" target=\"_blank\" rel=\"noopener\">M\u00fcnster<\/a> (franz\u00f6sisch: Munster, els\u00e4ssisch: Menschter) schwer verwundet worden war.<\/p>\n<p>Man begrub Georg Waigel auf dem Soldatenfriedhof <span data-sheets-root=\"1\"><a class=\"in-cell-link\" href=\"https:\/\/www.google.de\/maps\/place\/Ammerschwihr,+Frankreich\/@48.1167085,7.2318824,13z\/data=!3m1!4b1!4m5!3m4!1s0x479161162b7e2d4f:0x40a5fb99a3940d0!8m2!3d48.1256119!4d7.281956\" target=\"_blank\" rel=\"noopener\">Ammerschwihr<\/a><\/span> in Grab 196.<\/p>\n<p>In seiner Heimatgemeinde Salgen gedenkt man Georg Waigel noch heute auf einem Denkmal: <a href=\"http:\/\/www.denkmalprojekt.org\/2008\/salgen_wk1u2_bay.htm\" target=\"_blank\" rel=\"noopener\">http:\/\/www.denkmalprojekt.org\/2008\/salgen_wk1u2_bay.htm<\/a><\/p>\n<figure id=\"attachment_3577\" aria-describedby=\"caption-attachment-3577\" style=\"width: 550px\" class=\"wp-caption aligncenter\"><img loading=\"lazy\" decoding=\"async\" class=\"size-full wp-image-3577\" src=\"http:\/\/soldatenschicksale.de\/wp-content\/uploads\/2025\/01\/Georg-Waigel-Rudolf-Riefler.jpg\" alt=\"\" width=\"550\" height=\"800\" srcset=\"http:\/\/soldatenschicksale.de\/wp-content\/uploads\/2025\/01\/Georg-Waigel-Rudolf-Riefler.jpg 550w, http:\/\/soldatenschicksale.de\/wp-content\/uploads\/2025\/01\/Georg-Waigel-Rudolf-Riefler-206x300.jpg 206w\" sizes=\"auto, (max-width: 550px) 85vw, 550px\" \/><figcaption id=\"caption-attachment-3577\" class=\"wp-caption-text\">Das Grab von Georg Waigel und Rudolf Riefler auf dem Soldatenfriedhof Ammerschwihr<\/figcaption><\/figure>\n","protected":false},"excerpt":{"rendered":"<p>Der Soldat Georg Waigel (VL: Waigl) stammte aus Bronnen, einem Ortsteil der bayerischen Gemeinde Salgen. Im Ersten Weltkrieg k\u00e4mpfte er als Ersatz-Reservist in der 5. Kompanie des 1. bayerischen Landwehr-Infanterie-Regiments. Am 24.07.1915 verstarb er bei Drei \u00c4hren (franz\u00f6sisch: Trois-\u00c9pis), nachdem er bei den K\u00e4mpfen in den Vogesen n\u00f6rdlich der Stadt M\u00fcnster (franz\u00f6sisch: Munster, els\u00e4ssisch: Menschter) &hellip; <a href=\"http:\/\/soldatenschicksale.de\/?p=5166\" class=\"more-link\"><span class=\"screen-reader-text\">\u201eSoldatenschicksale des 1. Weltkrieges Teil 352: Georg Waigel\u201c <\/span>weiterlesen<\/a><\/p>\n","protected":false},"author":2,"featured_media":0,"comment_status":"closed","ping_status":"open","sticky":false,"template":"","format":"standard","meta":{"footnotes":"","_wp_rev_ctl_limit":""},"categories":[1007,76,988,468,75],"tags":[1495,1479,21,1888,1480,303,1326,78,990,1566,1526,1486,1889,355,1481,1555,306,239],"class_list":["post-5166","post","type-post","status-publish","format-standard","hentry","category-1-weltkrieg","category-frankreich","category-grand-est","category-vogesen-elsass","category-westfront","tag-1-bayerisches-landwehr-infanterie-regiment","tag-ammerschwihr","tag-bayern","tag-bronnen","tag-drei-aehren","tag-elsass","tag-ersatz-reservist","tag-frankreich","tag-grand-est","tag-lazarett-drei-aehren","tag-menschter","tag-muenster","tag-salgen","tag-schwer-verwundet","tag-trois-epis","tag-verbandplatz-drei-aehren","tag-vogesen","tag-westfront"],"_links":{"self":[{"href":"http:\/\/soldatenschicksale.de\/index.php?rest_route=\/wp\/v2\/posts\/5166","targetHints":{"allow":["GET"]}}],"collection":[{"href":"http:\/\/soldatenschicksale.de\/index.php?rest_route=\/wp\/v2\/posts"}],"about":[{"href":"http:\/\/soldatenschicksale.de\/index.php?rest_route=\/wp\/v2\/types\/post"}],"author":[{"embeddable":true,"href":"http:\/\/soldatenschicksale.de\/index.php?rest_route=\/wp\/v2\/users\/2"}],"replies":[{"embeddable":true,"href":"http:\/\/soldatenschicksale.de\/index.php?rest_route=%2Fwp%2Fv2%2Fcomments&post=5166"}],"version-history":[{"count":3,"href":"http:\/\/soldatenschicksale.de\/index.php?rest_route=\/wp\/v2\/posts\/5166\/revisions"}],"predecessor-version":[{"id":5171,"href":"http:\/\/soldatenschicksale.de\/index.php?rest_route=\/wp\/v2\/posts\/5166\/revisions\/5171"}],"wp:attachment":[{"href":"http:\/\/soldatenschicksale.de\/index.php?rest_route=%2Fwp%2Fv2%2Fmedia&parent=5166"}],"wp:term":[{"taxonomy":"category","embeddable":true,"href":"http:\/\/soldatenschicksale.de\/index.php?rest_route=%2Fwp%2Fv2%2Fcategories&post=5166"},{"taxonomy":"post_tag","embeddable":true,"href":"http:\/\/soldatenschicksale.de\/index.php?rest_route=%2Fwp%2Fv2%2Ftags&post=5166"}],"curies":[{"name":"wp","href":"https:\/\/api.w.org\/{rel}","templated":true}]}}