{"id":5172,"date":"2025-08-11T00:00:12","date_gmt":"2025-08-10T22:00:12","guid":{"rendered":"http:\/\/soldatenschicksale.de\/?p=5172"},"modified":"2025-05-06T18:54:14","modified_gmt":"2025-05-06T16:54:14","slug":"soldatenschicksale-des-1-weltkrieges-teil-353-rudolf-riefler","status":"publish","type":"post","link":"http:\/\/soldatenschicksale.de\/?p=5172","title":{"rendered":"Soldatenschicksale des 1. Weltkrieges Teil 353: Rudolf Riefler"},"content":{"rendered":"<p>Der Soldat Rudolf Riefler stammte aus <a href=\"https:\/\/maps.app.goo.gl\/5cqYV6u3tMbvie718\" target=\"_blank\" rel=\"noopener\">H\u00f6rich<\/a>, einem Ortsteil der bayerischen Gemeinde <a href=\"https:\/\/de.wikipedia.org\/wiki\/Nesselwang\" target=\"_blank\" rel=\"noopener\">Nesselwang<\/a>. Im Ersten Weltkrieg k\u00e4mpfte er als Wehrmann in der 10. Kompanie des 3. bayerischen Landwehr-Infanterie-Regiments. Am 27.07.1915 verstarb er bei <a href=\"https:\/\/de.wikipedia.org\/wiki\/Trois-%C3%89pis\" target=\"_blank\" rel=\"noopener\">Drei \u00c4hren<\/a> (franz\u00f6sisch: Trois-\u00c9pis) nachdem er zuvor im Kampf in den Vogesen n\u00f6rdlich der Stadt <a href=\"https:\/\/de.wikipedia.org\/wiki\/Munster_(Haut-Rhin)\" target=\"_blank\" rel=\"noopener\">M\u00fcnster<\/a> (franz\u00f6sisch: Munster, els\u00e4ssisch: Menschter) schwer verwundet worden war.<\/p>\n<p>Man begrub Rudolf Riefler auf dem Soldatenfriedhof <span data-sheets-root=\"1\"><a class=\"in-cell-link\" href=\"https:\/\/www.google.de\/maps\/place\/Ammerschwihr,+Frankreich\/@48.1167085,7.2318824,13z\/data=!3m1!4b1!4m5!3m4!1s0x479161162b7e2d4f:0x40a5fb99a3940d0!8m2!3d48.1256119!4d7.281956\" target=\"_blank\" rel=\"noopener\">Ammerschwihr<\/a><\/span> in Grab 197.<\/p>\n<p>In seiner Heimatgemeinde Nesselwang gedenkt man Rudolf Riefler noch heute auf einem Denkmal: <a href=\"http:\/\/www.denkmalprojekt.org\/2025\/nesselwang-dkm_lk-ostallgaeu_70-71_wk1_wk2_by.html\" target=\"_blank\" rel=\"noopener\">http:\/\/www.denkmalprojekt.org\/2025\/nesselwang-dkm_lk-ostallgaeu_70-71_wk1_wk2_by.html<\/a><\/p>\n<figure id=\"attachment_3577\" aria-describedby=\"caption-attachment-3577\" style=\"width: 550px\" class=\"wp-caption aligncenter\"><img loading=\"lazy\" decoding=\"async\" class=\"size-full wp-image-3577\" src=\"http:\/\/soldatenschicksale.de\/wp-content\/uploads\/2025\/01\/Georg-Waigel-Rudolf-Riefler.jpg\" alt=\"\" width=\"550\" height=\"800\" srcset=\"http:\/\/soldatenschicksale.de\/wp-content\/uploads\/2025\/01\/Georg-Waigel-Rudolf-Riefler.jpg 550w, http:\/\/soldatenschicksale.de\/wp-content\/uploads\/2025\/01\/Georg-Waigel-Rudolf-Riefler-206x300.jpg 206w\" sizes=\"auto, (max-width: 550px) 85vw, 550px\" \/><figcaption id=\"caption-attachment-3577\" class=\"wp-caption-text\">Das Grab von Georg Waigel und Rudolf Riefler auf dem Soldatenfriedhof Ammerschwihr<\/figcaption><\/figure>\n","protected":false},"excerpt":{"rendered":"<p>Der Soldat Rudolf Riefler stammte aus H\u00f6rich, einem Ortsteil der bayerischen Gemeinde Nesselwang. Im Ersten Weltkrieg k\u00e4mpfte er als Wehrmann in der 10. Kompanie des 3. bayerischen Landwehr-Infanterie-Regiments. Am 27.07.1915 verstarb er bei Drei \u00c4hren (franz\u00f6sisch: Trois-\u00c9pis) nachdem er zuvor im Kampf in den Vogesen n\u00f6rdlich der Stadt M\u00fcnster (franz\u00f6sisch: Munster, els\u00e4ssisch: Menschter) schwer verwundet &hellip; <a href=\"http:\/\/soldatenschicksale.de\/?p=5172\" class=\"more-link\"><span class=\"screen-reader-text\">\u201eSoldatenschicksale des 1. Weltkrieges Teil 353: Rudolf Riefler\u201c <\/span>weiterlesen<\/a><\/p>\n","protected":false},"author":2,"featured_media":0,"comment_status":"closed","ping_status":"open","sticky":false,"template":"","format":"standard","meta":{"footnotes":"","_wp_rev_ctl_limit":""},"categories":[1007,76,988,468,75],"tags":[1530,21,30,1480,303,78,990,1890,1529,1526,1486,1891,355,1481,306,1259,239],"class_list":["post-5172","post","type-post","status-publish","format-standard","hentry","category-1-weltkrieg","category-frankreich","category-grand-est","category-vogesen-elsass","category-westfront","tag-3-bayerisches-landwehr-infanterie-regiment","tag-bayern","tag-denkmal","tag-drei-aehren","tag-elsass","tag-frankreich","tag-grand-est","tag-hoerich","tag-landwehrmann","tag-menschter","tag-muenster","tag-nesselwang","tag-schwer-verwundet","tag-trois-epis","tag-vogesen","tag-wehrmann","tag-westfront"],"_links":{"self":[{"href":"http:\/\/soldatenschicksale.de\/index.php?rest_route=\/wp\/v2\/posts\/5172","targetHints":{"allow":["GET"]}}],"collection":[{"href":"http:\/\/soldatenschicksale.de\/index.php?rest_route=\/wp\/v2\/posts"}],"about":[{"href":"http:\/\/soldatenschicksale.de\/index.php?rest_route=\/wp\/v2\/types\/post"}],"author":[{"embeddable":true,"href":"http:\/\/soldatenschicksale.de\/index.php?rest_route=\/wp\/v2\/users\/2"}],"replies":[{"embeddable":true,"href":"http:\/\/soldatenschicksale.de\/index.php?rest_route=%2Fwp%2Fv2%2Fcomments&post=5172"}],"version-history":[{"count":3,"href":"http:\/\/soldatenschicksale.de\/index.php?rest_route=\/wp\/v2\/posts\/5172\/revisions"}],"predecessor-version":[{"id":5177,"href":"http:\/\/soldatenschicksale.de\/index.php?rest_route=\/wp\/v2\/posts\/5172\/revisions\/5177"}],"wp:attachment":[{"href":"http:\/\/soldatenschicksale.de\/index.php?rest_route=%2Fwp%2Fv2%2Fmedia&parent=5172"}],"wp:term":[{"taxonomy":"category","embeddable":true,"href":"http:\/\/soldatenschicksale.de\/index.php?rest_route=%2Fwp%2Fv2%2Fcategories&post=5172"},{"taxonomy":"post_tag","embeddable":true,"href":"http:\/\/soldatenschicksale.de\/index.php?rest_route=%2Fwp%2Fv2%2Ftags&post=5172"}],"curies":[{"name":"wp","href":"https:\/\/api.w.org\/{rel}","templated":true}]}}