{"id":5178,"date":"2025-08-12T00:00:37","date_gmt":"2025-08-11T22:00:37","guid":{"rendered":"http:\/\/soldatenschicksale.de\/?p=5178"},"modified":"2025-05-07T09:39:54","modified_gmt":"2025-05-07T07:39:54","slug":"soldatenschicksale-des-1-weltkrieges-teil-354-johann-zeller","status":"publish","type":"post","link":"http:\/\/soldatenschicksale.de\/?p=5178","title":{"rendered":"Soldatenschicksale des 1. Weltkrieges Teil 354: Johann Zeller"},"content":{"rendered":"<p>Der Soldat Johann Zeller wurde am 22.06.1877 in <a href=\"https:\/\/maps.app.goo.gl\/5VpiNrActYtdPWgN6\" target=\"_blank\" rel=\"noopener\">Leiterberg<\/a> geboren, einem Ortsteil der bayerischen Gemeinde <a href=\"https:\/\/de.wikipedia.org\/wiki\/Betzigau\" target=\"_blank\" rel=\"noopener\">Betzigau<\/a>. Im Ersten Weltkrieg k\u00e4mpfte er als Wehrmann in der 10. Kompanie des 3. bayerischen Landwehr-Infanterie-Regiments. Am 27.07.1915 verstarb er bei <a href=\"https:\/\/de.wikipedia.org\/wiki\/Trois-%C3%89pis\" target=\"_blank\" rel=\"noopener\">Drei \u00c4hren<\/a> (franz\u00f6sisch: Trois-\u00c9pis), nachdem er zuvor am 26.07.1915 w\u00e4hrend der K\u00e4mpfe in den Vogesen n\u00f6rdlich der Stadt <a href=\"https:\/\/de.wikipedia.org\/wiki\/Munster_(Haut-Rhin)\" target=\"_blank\" rel=\"noopener\">M\u00fcnster<\/a> (franz\u00f6sisch: Munster, els\u00e4ssisch: Menschter) schwer verwundet worden war. Johann Zeller wurde 38 Jahre alt.<\/p>\n<p>Man begrub Johann Zeller auf dem Soldatenfriedhof <span data-sheets-root=\"1\"><a class=\"in-cell-link\" href=\"https:\/\/www.google.de\/maps\/place\/Ammerschwihr,+Frankreich\/@48.1167085,7.2318824,13z\/data=!3m1!4b1!4m5!3m4!1s0x479161162b7e2d4f:0x40a5fb99a3940d0!8m2!3d48.1256119!4d7.281956\" target=\"_blank\" rel=\"noopener\">Ammerschwihr<\/a><\/span> in Grab 198.<\/p>\n<p>In seiner Heimatgemeinde Betzigau gedenkt man Johann Zeller noch heute auf einem Denkmal: <a href=\"http:\/\/www.denkmalprojekt.org\/2025\/betzigau-fdh_lk-oberallgaeu_wk1_wk2_by.html\" target=\"_blank\" rel=\"noopener\">http:\/\/www.denkmalprojekt.org\/2025\/betzigau-fdh_lk-oberallgaeu_wk1_wk2_by.html<\/a><\/p>\n<figure id=\"attachment_3578\" aria-describedby=\"caption-attachment-3578\" style=\"width: 489px\" class=\"wp-caption aligncenter\"><img loading=\"lazy\" decoding=\"async\" class=\"size-full wp-image-3578\" src=\"http:\/\/soldatenschicksale.de\/wp-content\/uploads\/2025\/01\/Johann-Zeller-Willi-Hoferecht.jpg\" alt=\"\" width=\"489\" height=\"800\" srcset=\"http:\/\/soldatenschicksale.de\/wp-content\/uploads\/2025\/01\/Johann-Zeller-Willi-Hoferecht.jpg 489w, http:\/\/soldatenschicksale.de\/wp-content\/uploads\/2025\/01\/Johann-Zeller-Willi-Hoferecht-183x300.jpg 183w\" sizes=\"auto, (max-width: 489px) 85vw, 489px\" \/><figcaption id=\"caption-attachment-3578\" class=\"wp-caption-text\">Das Grab von Johann Zeller und Willi Hoferecht auf dem Soldatenfriedhof Ammerschwihr<\/figcaption><\/figure>\n","protected":false},"excerpt":{"rendered":"<p>Der Soldat Johann Zeller wurde am 22.06.1877 in Leiterberg geboren, einem Ortsteil der bayerischen Gemeinde Betzigau. Im Ersten Weltkrieg k\u00e4mpfte er als Wehrmann in der 10. Kompanie des 3. bayerischen Landwehr-Infanterie-Regiments. Am 27.07.1915 verstarb er bei Drei \u00c4hren (franz\u00f6sisch: Trois-\u00c9pis), nachdem er zuvor am 26.07.1915 w\u00e4hrend der K\u00e4mpfe in den Vogesen n\u00f6rdlich der Stadt M\u00fcnster &hellip; <a href=\"http:\/\/soldatenschicksale.de\/?p=5178\" class=\"more-link\"><span class=\"screen-reader-text\">\u201eSoldatenschicksale des 1. Weltkrieges Teil 354: Johann Zeller\u201c <\/span>weiterlesen<\/a><\/p>\n","protected":false},"author":2,"featured_media":0,"comment_status":"closed","ping_status":"open","sticky":false,"template":"","format":"standard","meta":{"footnotes":"","_wp_rev_ctl_limit":""},"categories":[1007,988,468,75],"tags":[1530,1479,21,1893,30,1480,1892,78,990,1529,1566,1894,1526,1486,1481,1555,306,1259,239],"class_list":["post-5178","post","type-post","status-publish","format-standard","hentry","category-1-weltkrieg","category-grand-est","category-vogesen-elsass","category-westfront","tag-3-bayerisches-landwehr-infanterie-regiment","tag-ammerschwihr","tag-bayern","tag-betzigau","tag-denkmal","tag-drei-aehren","tag-eklsass","tag-frankreich","tag-grand-est","tag-landwehrmann","tag-lazarett-drei-aehren","tag-leiterberg","tag-menschter","tag-muenster","tag-trois-epis","tag-verbandplatz-drei-aehren","tag-vogesen","tag-wehrmann","tag-westfront"],"_links":{"self":[{"href":"http:\/\/soldatenschicksale.de\/index.php?rest_route=\/wp\/v2\/posts\/5178","targetHints":{"allow":["GET"]}}],"collection":[{"href":"http:\/\/soldatenschicksale.de\/index.php?rest_route=\/wp\/v2\/posts"}],"about":[{"href":"http:\/\/soldatenschicksale.de\/index.php?rest_route=\/wp\/v2\/types\/post"}],"author":[{"embeddable":true,"href":"http:\/\/soldatenschicksale.de\/index.php?rest_route=\/wp\/v2\/users\/2"}],"replies":[{"embeddable":true,"href":"http:\/\/soldatenschicksale.de\/index.php?rest_route=%2Fwp%2Fv2%2Fcomments&post=5178"}],"version-history":[{"count":3,"href":"http:\/\/soldatenschicksale.de\/index.php?rest_route=\/wp\/v2\/posts\/5178\/revisions"}],"predecessor-version":[{"id":5187,"href":"http:\/\/soldatenschicksale.de\/index.php?rest_route=\/wp\/v2\/posts\/5178\/revisions\/5187"}],"wp:attachment":[{"href":"http:\/\/soldatenschicksale.de\/index.php?rest_route=%2Fwp%2Fv2%2Fmedia&parent=5178"}],"wp:term":[{"taxonomy":"category","embeddable":true,"href":"http:\/\/soldatenschicksale.de\/index.php?rest_route=%2Fwp%2Fv2%2Fcategories&post=5178"},{"taxonomy":"post_tag","embeddable":true,"href":"http:\/\/soldatenschicksale.de\/index.php?rest_route=%2Fwp%2Fv2%2Ftags&post=5178"}],"curies":[{"name":"wp","href":"https:\/\/api.w.org\/{rel}","templated":true}]}}