{"id":5188,"date":"2025-08-13T00:00:57","date_gmt":"2025-08-12T22:00:57","guid":{"rendered":"http:\/\/soldatenschicksale.de\/?p=5188"},"modified":"2025-05-07T09:50:36","modified_gmt":"2025-05-07T07:50:36","slug":"soldatenschicksale-des-1-weltkrieges-teil-355-willi-hoferecht","status":"publish","type":"post","link":"http:\/\/soldatenschicksale.de\/?p=5188","title":{"rendered":"Soldatenschicksale des 1. Weltkrieges Teil 355: Willi Hoferecht"},"content":{"rendered":"<p>Der Soldat Willi Hoferecht stammte aus <a href=\"https:\/\/de.wikipedia.org\/wiki\/Altenroda\" target=\"_blank\" rel=\"noopener\">Altenroda<\/a>, einem Ortsteil der Stadt <a href=\"https:\/\/de.wikipedia.org\/wiki\/Bad_Bibra\" target=\"_blank\" rel=\"noopener\">Bad Bibra<\/a> im heutigen Bundesland Sachsen-Anhalt. Im Ersten Weltkrieg k\u00e4mpfte er als J\u00e4ger in der 2. Kompanie des 14. J\u00e4ger-Bataillons. Am 27.07.1915 fiel er w\u00e4hrend der Vogesenk\u00e4mpfe n\u00f6rdlich der Stadt <a href=\"https:\/\/de.wikipedia.org\/wiki\/Munster_(Haut-Rhin)\" target=\"_blank\" rel=\"noopener\">M\u00fcnster<\/a> (franz\u00f6sisch: Munster, els\u00e4ssisch: Menschter).<\/p>\n<p>Man begrub Willi Hofrecht auf dem Soldatenfriedhof <span data-sheets-root=\"1\"><a class=\"in-cell-link\" href=\"https:\/\/www.google.de\/maps\/place\/Ammerschwihr,+Frankreich\/@48.1167085,7.2318824,13z\/data=!3m1!4b1!4m5!3m4!1s0x479161162b7e2d4f:0x40a5fb99a3940d0!8m2!3d48.1256119!4d7.281956\" target=\"_blank\" rel=\"noopener\">Ammerschwihr<\/a> in Grab 199.<\/span><\/p>\n<figure id=\"attachment_3578\" aria-describedby=\"caption-attachment-3578\" style=\"width: 489px\" class=\"wp-caption aligncenter\"><img loading=\"lazy\" decoding=\"async\" class=\"size-full wp-image-3578\" src=\"http:\/\/soldatenschicksale.de\/wp-content\/uploads\/2025\/01\/Johann-Zeller-Willi-Hoferecht.jpg\" alt=\"\" width=\"489\" height=\"800\" srcset=\"http:\/\/soldatenschicksale.de\/wp-content\/uploads\/2025\/01\/Johann-Zeller-Willi-Hoferecht.jpg 489w, http:\/\/soldatenschicksale.de\/wp-content\/uploads\/2025\/01\/Johann-Zeller-Willi-Hoferecht-183x300.jpg 183w\" sizes=\"auto, (max-width: 489px) 85vw, 489px\" \/><figcaption id=\"caption-attachment-3578\" class=\"wp-caption-text\">Das Grab von Johann Zeller und Willi Hoferecht auf dem Soldatenfriedhof Ammerschwihr<\/figcaption><\/figure>\n","protected":false},"excerpt":{"rendered":"<p>Der Soldat Willi Hoferecht stammte aus Altenroda, einem Ortsteil der Stadt Bad Bibra im heutigen Bundesland Sachsen-Anhalt. Im Ersten Weltkrieg k\u00e4mpfte er als J\u00e4ger in der 2. Kompanie des 14. J\u00e4ger-Bataillons. Am 27.07.1915 fiel er w\u00e4hrend der Vogesenk\u00e4mpfe n\u00f6rdlich der Stadt M\u00fcnster (franz\u00f6sisch: Munster, els\u00e4ssisch: Menschter). Man begrub Willi Hofrecht auf dem Soldatenfriedhof Ammerschwihr in &hellip; <a href=\"http:\/\/soldatenschicksale.de\/?p=5188\" class=\"more-link\"><span class=\"screen-reader-text\">\u201eSoldatenschicksale des 1. Weltkrieges Teil 355: Willi Hoferecht\u201c <\/span>weiterlesen<\/a><\/p>\n","protected":false},"author":2,"featured_media":0,"comment_status":"closed","ping_status":"open","sticky":false,"template":"","format":"standard","meta":{"footnotes":"","_wp_rev_ctl_limit":""},"categories":[1007,76,988,468,75],"tags":[1789,1895,1479,1896,303,78,990,155,1526,1486,1145,306,1496,239],"class_list":["post-5188","post","type-post","status-publish","format-standard","hentry","category-1-weltkrieg","category-frankreich","category-grand-est","category-vogesen-elsass","category-westfront","tag-14-jaeger-bataillon","tag-altenroda","tag-ammerschwihr","tag-bad-bibra","tag-elsass","tag-frankreich","tag-grand-est","tag-jaeger","tag-menschter","tag-muenster","tag-sachsen-anhalt","tag-vogesen","tag-vogesenkaempfe","tag-westfront"],"_links":{"self":[{"href":"http:\/\/soldatenschicksale.de\/index.php?rest_route=\/wp\/v2\/posts\/5188","targetHints":{"allow":["GET"]}}],"collection":[{"href":"http:\/\/soldatenschicksale.de\/index.php?rest_route=\/wp\/v2\/posts"}],"about":[{"href":"http:\/\/soldatenschicksale.de\/index.php?rest_route=\/wp\/v2\/types\/post"}],"author":[{"embeddable":true,"href":"http:\/\/soldatenschicksale.de\/index.php?rest_route=\/wp\/v2\/users\/2"}],"replies":[{"embeddable":true,"href":"http:\/\/soldatenschicksale.de\/index.php?rest_route=%2Fwp%2Fv2%2Fcomments&post=5188"}],"version-history":[{"count":3,"href":"http:\/\/soldatenschicksale.de\/index.php?rest_route=\/wp\/v2\/posts\/5188\/revisions"}],"predecessor-version":[{"id":5194,"href":"http:\/\/soldatenschicksale.de\/index.php?rest_route=\/wp\/v2\/posts\/5188\/revisions\/5194"}],"wp:attachment":[{"href":"http:\/\/soldatenschicksale.de\/index.php?rest_route=%2Fwp%2Fv2%2Fmedia&parent=5188"}],"wp:term":[{"taxonomy":"category","embeddable":true,"href":"http:\/\/soldatenschicksale.de\/index.php?rest_route=%2Fwp%2Fv2%2Fcategories&post=5188"},{"taxonomy":"post_tag","embeddable":true,"href":"http:\/\/soldatenschicksale.de\/index.php?rest_route=%2Fwp%2Fv2%2Ftags&post=5188"}],"curies":[{"name":"wp","href":"https:\/\/api.w.org\/{rel}","templated":true}]}}