{"id":5242,"date":"2025-08-21T00:00:15","date_gmt":"2025-08-20T22:00:15","guid":{"rendered":"http:\/\/soldatenschicksale.de\/?p=5242"},"modified":"2025-05-10T18:36:29","modified_gmt":"2025-05-10T16:36:29","slug":"soldatenschicksale-des-1-weltkrieges-teil-363-paul-waldherr","status":"publish","type":"post","link":"http:\/\/soldatenschicksale.de\/?p=5242","title":{"rendered":"Soldatenschicksale des 1. Weltkrieges Teil 363: Paul Waldherr"},"content":{"rendered":"<p>Der Soldat Paul Waldherr stammte aus <a href=\"https:\/\/de.wikipedia.org\/wiki\/Tettenhausen\" target=\"_blank\" rel=\"noopener\">Tettenhausen<\/a>, einem Ortsteil der bayerischen Gemeinde <a href=\"https:\/\/de.wikipedia.org\/wiki\/Waging_am_See\" target=\"_blank\" rel=\"noopener\">Waging am See<\/a>. Im Ersten Weltkrieg k\u00e4mpfte er als Gefreiter in der 9. Kompanie des 1. bayerischen Landwehr-Infanterie-Regiments. Am 29.06.1917 fiel er w\u00e4hrend der K\u00e4mpfe in den Vogesen n\u00f6rdlich <a href=\"https:\/\/de.wikipedia.org\/wiki\/Munster_(Haut-Rhin)\" target=\"_blank\" rel=\"noopener\">M\u00fcnster<\/a> (franz\u00f6sisch: Munster, els\u00e4ssisch: Menschter).<\/p>\n<p>Man begrub Paul Waldherr auf dem Soldatenfriedhof <span data-sheets-root=\"1\"><a class=\"in-cell-link\" href=\"https:\/\/www.google.de\/maps\/place\/Ammerschwihr,+Frankreich\/@48.1167085,7.2318824,13z\/data=!3m1!4b1!4m5!3m4!1s0x479161162b7e2d4f:0x40a5fb99a3940d0!8m2!3d48.1256119!4d7.281956\" target=\"_blank\" rel=\"noopener\">Ammerschwihr<\/a><\/span> in Grab 212.<\/p>\n<p>In seiner Heimatgemeinde Waging am See gedenkt man Paul Waldherr noch heute auf einem Denkmal: <a href=\"http:\/\/www.denkmalprojekt.org\/2022\/waging-a-see_lkr-traunstein_wk1_wk2_by.html\" target=\"_blank\" rel=\"noopener\">http:\/\/www.denkmalprojekt.org\/2022\/waging-a-see_lkr-traunstein_wk1_wk2_by.html<\/a><\/p>\n<figure id=\"attachment_3585\" aria-describedby=\"caption-attachment-3585\" style=\"width: 593px\" class=\"wp-caption aligncenter\"><img loading=\"lazy\" decoding=\"async\" class=\"size-full wp-image-3585\" src=\"http:\/\/soldatenschicksale.de\/wp-content\/uploads\/2025\/01\/Richard-Auerbach-Paul-Waldherr.jpg\" alt=\"\" width=\"593\" height=\"800\" srcset=\"http:\/\/soldatenschicksale.de\/wp-content\/uploads\/2025\/01\/Richard-Auerbach-Paul-Waldherr.jpg 593w, http:\/\/soldatenschicksale.de\/wp-content\/uploads\/2025\/01\/Richard-Auerbach-Paul-Waldherr-222x300.jpg 222w\" sizes=\"auto, (max-width: 593px) 85vw, 593px\" \/><figcaption id=\"caption-attachment-3585\" class=\"wp-caption-text\">Das Grab von Richard Auerbach und Paul Waldherr auf dem Soldatenfriedhof Ammerschwihr<\/figcaption><\/figure>\n","protected":false},"excerpt":{"rendered":"<p>Der Soldat Paul Waldherr stammte aus Tettenhausen, einem Ortsteil der bayerischen Gemeinde Waging am See. Im Ersten Weltkrieg k\u00e4mpfte er als Gefreiter in der 9. Kompanie des 1. bayerischen Landwehr-Infanterie-Regiments. Am 29.06.1917 fiel er w\u00e4hrend der K\u00e4mpfe in den Vogesen n\u00f6rdlich M\u00fcnster (franz\u00f6sisch: Munster, els\u00e4ssisch: Menschter). Man begrub Paul Waldherr auf dem Soldatenfriedhof Ammerschwihr in &hellip; <a href=\"http:\/\/soldatenschicksale.de\/?p=5242\" class=\"more-link\"><span class=\"screen-reader-text\">\u201eSoldatenschicksale des 1. Weltkrieges Teil 363: Paul Waldherr\u201c <\/span>weiterlesen<\/a><\/p>\n","protected":false},"author":2,"featured_media":0,"comment_status":"closed","ping_status":"open","sticky":false,"template":"","format":"standard","meta":{"footnotes":"","_wp_rev_ctl_limit":""},"categories":[1007,76,988,468,75],"tags":[1495,1479,21,30,303,78,11,990,1914,306,1913,239],"class_list":["post-5242","post","type-post","status-publish","format-standard","hentry","category-1-weltkrieg","category-frankreich","category-grand-est","category-vogesen-elsass","category-westfront","tag-1-bayerisches-landwehr-infanterie-regiment","tag-ammerschwihr","tag-bayern","tag-denkmal","tag-elsass","tag-frankreich","tag-gefreiter","tag-grand-est","tag-tettenhausen","tag-vogesen","tag-waging-am-see","tag-westfront"],"_links":{"self":[{"href":"http:\/\/soldatenschicksale.de\/index.php?rest_route=\/wp\/v2\/posts\/5242","targetHints":{"allow":["GET"]}}],"collection":[{"href":"http:\/\/soldatenschicksale.de\/index.php?rest_route=\/wp\/v2\/posts"}],"about":[{"href":"http:\/\/soldatenschicksale.de\/index.php?rest_route=\/wp\/v2\/types\/post"}],"author":[{"embeddable":true,"href":"http:\/\/soldatenschicksale.de\/index.php?rest_route=\/wp\/v2\/users\/2"}],"replies":[{"embeddable":true,"href":"http:\/\/soldatenschicksale.de\/index.php?rest_route=%2Fwp%2Fv2%2Fcomments&post=5242"}],"version-history":[{"count":3,"href":"http:\/\/soldatenschicksale.de\/index.php?rest_route=\/wp\/v2\/posts\/5242\/revisions"}],"predecessor-version":[{"id":5248,"href":"http:\/\/soldatenschicksale.de\/index.php?rest_route=\/wp\/v2\/posts\/5242\/revisions\/5248"}],"wp:attachment":[{"href":"http:\/\/soldatenschicksale.de\/index.php?rest_route=%2Fwp%2Fv2%2Fmedia&parent=5242"}],"wp:term":[{"taxonomy":"category","embeddable":true,"href":"http:\/\/soldatenschicksale.de\/index.php?rest_route=%2Fwp%2Fv2%2Fcategories&post=5242"},{"taxonomy":"post_tag","embeddable":true,"href":"http:\/\/soldatenschicksale.de\/index.php?rest_route=%2Fwp%2Fv2%2Ftags&post=5242"}],"curies":[{"name":"wp","href":"https:\/\/api.w.org\/{rel}","templated":true}]}}